{"id":108961,"date":"2022-07-20T00:21:23","date_gmt":"2022-07-20T03:21:23","guid":{"rendered":"https:\/\/eldiariodesanpedro.com.ar\/sitio\/?p=108961"},"modified":"2022-07-20T00:21:24","modified_gmt":"2022-07-20T03:21:24","slug":"edicto-de-sucesion-de-artur-sergio-dabove","status":"publish","type":"post","link":"https:\/\/eldiariodesanpedro.com.ar\/sitio\/edicto-de-sucesion-de-artur-sergio-dabove\/","title":{"rendered":"Edicto de Sucesi\u00f3n de Artur Sergio Dabove"},"content":{"rendered":"<!-- VideographyWP Plugin Message: Automatic video embedding prevented by plugin options. -->\n\n<p>I Por presentado, parte, con el domicilio real denunciado y constituido el procesal f\u00edsico y electr\u00f3nico.<\/p>\n\n\n\n<p>Agr\u00e9guese la documental acompa\u00f1ada.<\/p>\n\n\n\n<p>II En atenci\u00f3n a lo que resulta de las constancias de autos &#8211; en particular partida que se adjunta &#8211; y lo dispuesto por el Cpr.: 734, encontr\u00e1ndose comprobada la defunci\u00f3n de <strong>Artur Sergio Dabove<\/strong>, decl\u00e1rase abierto su juicio sucesorio ab-intestato.<\/p>\n\n\n\n<p>L\u00edbrese\/nse formulario\/s electr\u00f3nico\/s al Registro de Juicios Universales de la provincia a fin de comunicar la iniciaci\u00f3n de este proceso ( Acordada SCBA N\u00ba 3397, arts. 16 inc. a y 18 ).<\/p>\n\n\n\n<p>Proc\u00e9dase a la publicaci\u00f3n de edictos por tres d\u00edas en el Bolet\u00edn Oficial de la Provincia de Buenos Aires y en el diario El Diario de la ciudad de San Predro (Bs. As.), cit\u00e1ndose a todos los que se consideren con derecho a los bienes dejados por el causante, para que dentro del plazo de treinta d\u00edas lo acrediten ( c\u00f3d.cit.: 734 inc. 2\u00b0).<\/p>\n\n\n\n<p>L\u00edbrese\/nse oficio\/s electr\u00f3nico\/s al Registro de Testamentos del Colegio de Escribanos e Instituto de Previsi\u00f3n Social, ambos de la Provincia de Buenos Aires, al\/los fin\/es previsto\/s en el art. 724 \u00faltimo p\u00e1rrafo del c\u00f3digo ritual y art. 25\u00ba de la Ley 10205 &#8211; respectivamente &#8211; .<\/p>\n\n\n\n<p>Reg\u00edstrese.<\/p>\n\n\n\n<p>FACUNDO VELL\u00d3N<br>ABOGADO SECRETARIO<\/p>\n\n\n\n<p>(Publicaci\u00f3n V\u00e1lida por los d\u00edas 20, 21 Y 22 de julio de 2022)<br><a href=\"https:\/\/notificaciones.scba.gov.ar\/verificarnotificacion.aspx?codNotif=RC7WK2\">https:\/\/notificaciones.scba.gov.ar\/verificarnotificacion.aspx?codNotif=RC7WK2<\/a>&nbsp;<\/p>\n","protected":false},"excerpt":{"rendered":"<p>I Por presentado, parte, con el domicilio real denunciado y constituido el procesal f\u00edsico y electr\u00f3nico. Agr\u00e9guese la documental acompa\u00f1ada. II En atenci\u00f3n a lo que resulta de las constancias de autos &#8211; en particular partida que se adjunta &#8211; y lo dispuesto por el Cpr.: 734, encontr\u00e1ndose comprobada la defunci\u00f3n de Artur Sergio Dabove, [&hellip;]<\/p>\n","protected":false},"author":4,"featured_media":81115,"comment_status":"closed","ping_status":"closed","sticky":false,"template":"","format":"standard","meta":{"om_disable_all_campaigns":false,"_jetpack_memberships_contains_paid_content":false,"footnotes":""},"categories":[676,677],"tags":[197,1121,1355,19],"class_list":["post-108961","post","type-post","status-publish","format-standard","has-post-thumbnail","hentry","category-edictos","category-edictos-sucesorios","tag-buenos-aires","tag-edicto","tag-judiciales","tag-san-pedro"],"aioseo_notices":[],"gutentor_comment":0,"jetpack_featured_media_url":"https:\/\/eldiariodesanpedro.com.ar\/sitio\/wp-content\/uploads\/2020\/09\/Poder-Judicial.jpg","jetpack_shortlink":"https:\/\/wp.me\/p6RhLt-slr","jetpack_sharing_enabled":true,"_links":{"self":[{"href":"https:\/\/eldiariodesanpedro.com.ar\/sitio\/wp-json\/wp\/v2\/posts\/108961","targetHints":{"allow":["GET"]}}],"collection":[{"href":"https:\/\/eldiariodesanpedro.com.ar\/sitio\/wp-json\/wp\/v2\/posts"}],"about":[{"href":"https:\/\/eldiariodesanpedro.com.ar\/sitio\/wp-json\/wp\/v2\/types\/post"}],"author":[{"embeddable":true,"href":"https:\/\/eldiariodesanpedro.com.ar\/sitio\/wp-json\/wp\/v2\/users\/4"}],"replies":[{"embeddable":true,"href":"https:\/\/eldiariodesanpedro.com.ar\/sitio\/wp-json\/wp\/v2\/comments?post=108961"}],"version-history":[{"count":1,"href":"https:\/\/eldiariodesanpedro.com.ar\/sitio\/wp-json\/wp\/v2\/posts\/108961\/revisions"}],"predecessor-version":[{"id":108962,"href":"https:\/\/eldiariodesanpedro.com.ar\/sitio\/wp-json\/wp\/v2\/posts\/108961\/revisions\/108962"}],"wp:featuredmedia":[{"embeddable":true,"href":"https:\/\/eldiariodesanpedro.com.ar\/sitio\/wp-json\/wp\/v2\/media\/81115"}],"wp:attachment":[{"href":"https:\/\/eldiariodesanpedro.com.ar\/sitio\/wp-json\/wp\/v2\/media?parent=108961"}],"wp:term":[{"taxonomy":"category","embeddable":true,"href":"https:\/\/eldiariodesanpedro.com.ar\/sitio\/wp-json\/wp\/v2\/categories?post=108961"},{"taxonomy":"post_tag","embeddable":true,"href":"https:\/\/eldiariodesanpedro.com.ar\/sitio\/wp-json\/wp\/v2\/tags?post=108961"}],"curies":[{"name":"wp","href":"https:\/\/api.w.org\/{rel}","templated":true}]}}