{"id":108959,"date":"2022-07-20T00:10:14","date_gmt":"2022-07-20T03:10:14","guid":{"rendered":"https:\/\/eldiariodesanpedro.com.ar\/sitio\/?p=108959"},"modified":"2022-07-20T00:10:14","modified_gmt":"2022-07-20T03:10:14","slug":"edicto-de-arrendamiento-lote-cementerio-de-baradero-de-deleglise-miguel-angel","status":"publish","type":"post","link":"https:\/\/eldiariodesanpedro.com.ar\/sitio\/edicto-de-arrendamiento-lote-cementerio-de-baradero-de-deleglise-miguel-angel\/","title":{"rendered":"Edicto de Arrendamiento Lote Cementerio de Baradero de Deleglise Miguel \u00c1ngel"},"content":{"rendered":"<!-- VideographyWP Plugin Message: Automatic video embedding prevented by plugin options. -->\n\n<p>Municipalidad de Baradero cita y emplaza por treinta (30) d\u00edas a quienes se consideren con derecho sobre los Nichos Pante\u00f3n Naciones M\u00f3dulo 1D, Fila 3 y 4 N\u00ba 07 y D 10 figuran a nombre de Deleglise Miguel \u00c1ngel arrendado el d\u00eda 20 de agosto de 2008 por veinte (20) a\u00f1os con n\u00famero de Cuenta 1900006853 y 1900006854 del Cementerio Local.- Baradero, 18 de julio de 2022<\/p>\n\n\n\n<p>MARIANELA DELEGLISE <br>ABOGADA<\/p>\n\n\n\n<p>(Publicaci\u00f3n V\u00e1lida por los d\u00edas 20 y 21 de julio de 2022)&nbsp;<\/p>\n","protected":false},"excerpt":{"rendered":"<p>Municipalidad de Baradero cita y emplaza por treinta (30) d\u00edas a quienes se consideren con derecho sobre los Nichos Pante\u00f3n Naciones M\u00f3dulo 1D, Fila 3 y 4 N\u00ba 07 y D 10 figuran a nombre de Deleglise Miguel \u00c1ngel arrendado el d\u00eda 20 de agosto de 2008 por veinte (20) a\u00f1os con n\u00famero de Cuenta [&hellip;]<\/p>\n","protected":false},"author":4,"featured_media":102746,"comment_status":"closed","ping_status":"closed","sticky":false,"template":"","format":"standard","meta":{"om_disable_all_campaigns":false,"_jetpack_memberships_contains_paid_content":false,"footnotes":""},"categories":[676,1124],"tags":[197,1121,2930,1355,19],"class_list":["post-108959","post","type-post","status-publish","format-standard","has-post-thumbnail","hentry","category-edictos","category-edictos-especiales","tag-buenos-aires","tag-edicto","tag-edicto-de-arrendamiento-lote-cementerio-de-baradero-de-deleglise-miguel-angel","tag-judiciales","tag-san-pedro"],"aioseo_notices":[],"gutentor_comment":0,"jetpack_featured_media_url":"https:\/\/eldiariodesanpedro.com.ar\/sitio\/wp-content\/uploads\/2022\/01\/EDICTO.jpg","jetpack_shortlink":"https:\/\/wp.me\/p6RhLt-slp","jetpack_sharing_enabled":true,"_links":{"self":[{"href":"https:\/\/eldiariodesanpedro.com.ar\/sitio\/wp-json\/wp\/v2\/posts\/108959","targetHints":{"allow":["GET"]}}],"collection":[{"href":"https:\/\/eldiariodesanpedro.com.ar\/sitio\/wp-json\/wp\/v2\/posts"}],"about":[{"href":"https:\/\/eldiariodesanpedro.com.ar\/sitio\/wp-json\/wp\/v2\/types\/post"}],"author":[{"embeddable":true,"href":"https:\/\/eldiariodesanpedro.com.ar\/sitio\/wp-json\/wp\/v2\/users\/4"}],"replies":[{"embeddable":true,"href":"https:\/\/eldiariodesanpedro.com.ar\/sitio\/wp-json\/wp\/v2\/comments?post=108959"}],"version-history":[{"count":1,"href":"https:\/\/eldiariodesanpedro.com.ar\/sitio\/wp-json\/wp\/v2\/posts\/108959\/revisions"}],"predecessor-version":[{"id":108960,"href":"https:\/\/eldiariodesanpedro.com.ar\/sitio\/wp-json\/wp\/v2\/posts\/108959\/revisions\/108960"}],"wp:featuredmedia":[{"embeddable":true,"href":"https:\/\/eldiariodesanpedro.com.ar\/sitio\/wp-json\/wp\/v2\/media\/102746"}],"wp:attachment":[{"href":"https:\/\/eldiariodesanpedro.com.ar\/sitio\/wp-json\/wp\/v2\/media?parent=108959"}],"wp:term":[{"taxonomy":"category","embeddable":true,"href":"https:\/\/eldiariodesanpedro.com.ar\/sitio\/wp-json\/wp\/v2\/categories?post=108959"},{"taxonomy":"post_tag","embeddable":true,"href":"https:\/\/eldiariodesanpedro.com.ar\/sitio\/wp-json\/wp\/v2\/tags?post=108959"}],"curies":[{"name":"wp","href":"https:\/\/api.w.org\/{rel}","templated":true}]}}