{"id":108953,"date":"2022-07-19T10:15:35","date_gmt":"2022-07-19T13:15:35","guid":{"rendered":"https:\/\/eldiariodesanpedro.com.ar\/sitio\/?p=108953"},"modified":"2022-07-19T11:30:18","modified_gmt":"2022-07-19T14:30:18","slug":"el-desfile-a-beneficio-de-viviana-riquelme-fue-un-exito-y-recaudo-278-mil-pesos-para-su-tratamiento-contra-el-cancer","status":"publish","type":"post","link":"https:\/\/eldiariodesanpedro.com.ar\/sitio\/el-desfile-a-beneficio-de-viviana-riquelme-fue-un-exito-y-recaudo-278-mil-pesos-para-su-tratamiento-contra-el-cancer\/","title":{"rendered":"El desfile a beneficio de Viviana Riquelme fue un \u00e9xito y recaudo 278 mil pesos para su tratamiento contra el c\u00e1ncer"},"content":{"rendered":"<!-- VideographyWP Plugin Message: Automatic video embedding prevented by plugin options. -->\n\n<p>Luego del evento realizado el pasado 10 de julio, en el Centro Cultural \u00abAbelardo Castillo\u00bb, colaborar con Viviana Riquelme que contrajo c\u00e1ncer y debe atravesar un costoso tratamiento.<\/p>\n\n\n\n<p>A trav\u00e9s de redes sociales Viviana dijo: \u00abQuiero agredecerles, primero a Gaby por lo que hizo, fue sensacional jamas me esper\u00e9 semejante movida, tanta gente que colabor\u00f3 de coraz\u00f3n muchas gracias\u00bb.<\/p>\n\n\n\n<p>En tanto que su amiga e impulsora del evento, Gabriela Oliveto, expres\u00f3: \u00abtenemos un estimado de lo que se lleva recaudado, queremos compartirlo porque creemos que es lo mas transparente posible\u00bb. \u00abSon 278 mil pesos que Vivi puede tener para ella, para su mes en La Plata\u00bb.<\/p>\n\n\n\n<p>En cuanto a los estudios que le practicaron \u00faltimamente Viviana cont\u00f3: \u00abLos tumores se redujeron, mi cuerpo respondi\u00f3 muy bien al tratamiento de quimioterapia\u00bb.<\/p>\n\n\n\n<p><strong>Viviana Riquelme<\/strong>&nbsp;es guardavidas y profesora de educaci\u00f3n f\u00edsica en San Pedro.<strong>&nbsp;Le diagnosticaron la enfermedad hace 9 meses y dej\u00f3 su actividad para cocinar desde su casa pastas caseras y venderlas frizadas mientras se somet\u00eda al tratamiento oncol\u00f3gico<\/strong>. En un mes ser\u00e1 operada en La Plata, donde deber\u00e1 estar al menos 30 d\u00edas para recibir rayos. Sus amigos y vecinos har\u00e1n un evento para recaudar fondos con los que pueda solventar su estad\u00eda y la de su familia lejos de casa.<\/p>\n\n\n\n<p>Desde que en setiembre de 2021 le diagnosticaron c\u00e1ncer de mama, Viviana Riquelme dej\u00f3 de dar clases de educaci\u00f3n f\u00edsica para seguir al pie de la letra un tratamiento oncol\u00f3gico en dos etapas.<\/p>\n\n\n\n<p><strong>En enero comenz\u00f3 quimioterapia en La Plata<\/strong>, hacia donde viajaba cada 15 d\u00edas. En la segunda etapa, se traslada todas las semanas. Y en julio la operar\u00e1n. Luego de la cirug\u00eda, todos los d\u00edas durante un mes recibir\u00e1 rayos. Durante ese tiempo, se instalar\u00e1 en La Plata junto a su esposo e hija.<\/p>\n\n\n\n<iframe data-src=\"https:\/\/www.facebook.com\/plugins\/video.php?height=314&#038;href=https%3A%2F%2Fwww.facebook.com%2Feldiario.sanpedro.7%2Fvideos%2F756856358694174%2F&#038;show_text=false&#038;width=560&#038;t=0\" width=\"560\" height=\"314\" style=\"border:none;overflow:hidden\" scrolling=\"no\" frameborder=\"0\" allowfullscreen=\"true\" allow=\"autoplay; clipboard-write; encrypted-media; picture-in-picture; web-share\" allowFullScreen=\"true\" src=\"data:image\/svg+xml;base64,PHN2ZyB3aWR0aD0iMSIgaGVpZ2h0PSIxIiB4bWxucz0iaHR0cDovL3d3dy53My5vcmcvMjAwMC9zdmciPjwvc3ZnPg==\" class=\"lazyload\" data-load-mode=\"1\"><\/iframe>\n","protected":false},"excerpt":{"rendered":"<p>Luego del evento realizado el pasado 10 de julio, en el Centro Cultural \u00abAbelardo Castillo\u00bb, colaborar con Viviana Riquelme que contrajo c\u00e1ncer y debe atravesar un costoso tratamiento. A trav\u00e9s de redes sociales Viviana dijo: \u00abQuiero agredecerles, primero a Gaby por lo que hizo, fue sensacional jamas me esper\u00e9 semejante movida, tanta gente que colabor\u00f3 [&hellip;]<\/p>\n","protected":false},"author":4,"featured_media":108954,"comment_status":"closed","ping_status":"closed","sticky":false,"template":"","format":"standard","meta":{"om_disable_all_campaigns":false,"_jetpack_memberships_contains_paid_content":false,"footnotes":""},"categories":[50,101,2],"tags":[197,696,33,19],"class_list":["post-108953","post","type-post","status-publish","format-standard","has-post-thumbnail","hentry","category-destacadas","category-interes-general-locales","category-locales","tag-buenos-aires","tag-interes-general","tag-locales","tag-san-pedro"],"aioseo_notices":[],"gutentor_comment":0,"jetpack_featured_media_url":"https:\/\/eldiariodesanpedro.com.ar\/sitio\/wp-content\/uploads\/2022\/07\/medida.jpg","jetpack_shortlink":"https:\/\/wp.me\/p6RhLt-slj","jetpack_sharing_enabled":true,"_links":{"self":[{"href":"https:\/\/eldiariodesanpedro.com.ar\/sitio\/wp-json\/wp\/v2\/posts\/108953","targetHints":{"allow":["GET"]}}],"collection":[{"href":"https:\/\/eldiariodesanpedro.com.ar\/sitio\/wp-json\/wp\/v2\/posts"}],"about":[{"href":"https:\/\/eldiariodesanpedro.com.ar\/sitio\/wp-json\/wp\/v2\/types\/post"}],"author":[{"embeddable":true,"href":"https:\/\/eldiariodesanpedro.com.ar\/sitio\/wp-json\/wp\/v2\/users\/4"}],"replies":[{"embeddable":true,"href":"https:\/\/eldiariodesanpedro.com.ar\/sitio\/wp-json\/wp\/v2\/comments?post=108953"}],"version-history":[{"count":2,"href":"https:\/\/eldiariodesanpedro.com.ar\/sitio\/wp-json\/wp\/v2\/posts\/108953\/revisions"}],"predecessor-version":[{"id":108957,"href":"https:\/\/eldiariodesanpedro.com.ar\/sitio\/wp-json\/wp\/v2\/posts\/108953\/revisions\/108957"}],"wp:featuredmedia":[{"embeddable":true,"href":"https:\/\/eldiariodesanpedro.com.ar\/sitio\/wp-json\/wp\/v2\/media\/108954"}],"wp:attachment":[{"href":"https:\/\/eldiariodesanpedro.com.ar\/sitio\/wp-json\/wp\/v2\/media?parent=108953"}],"wp:term":[{"taxonomy":"category","embeddable":true,"href":"https:\/\/eldiariodesanpedro.com.ar\/sitio\/wp-json\/wp\/v2\/categories?post=108953"},{"taxonomy":"post_tag","embeddable":true,"href":"https:\/\/eldiariodesanpedro.com.ar\/sitio\/wp-json\/wp\/v2\/tags?post=108953"}],"curies":[{"name":"wp","href":"https:\/\/api.w.org\/{rel}","templated":true}]}}