{"id":108951,"date":"2022-07-19T09:56:41","date_gmt":"2022-07-19T12:56:41","guid":{"rendered":"https:\/\/eldiariodesanpedro.com.ar\/sitio\/?p=108951"},"modified":"2022-07-19T09:56:42","modified_gmt":"2022-07-19T12:56:42","slug":"el-ejecutivo-municipal-decreto-feriado-local-por-el-115o-aniversario-de-san-pedro-el-proximo-lunes","status":"publish","type":"post","link":"https:\/\/eldiariodesanpedro.com.ar\/sitio\/el-ejecutivo-municipal-decreto-feriado-local-por-el-115o-aniversario-de-san-pedro-el-proximo-lunes\/","title":{"rendered":"El ejecutivo municipal decreto feriado local por el 115\u00ba Aniversario de San Pedro el pr\u00f3ximo lunes"},"content":{"rendered":"<!-- VideographyWP Plugin Message: Automatic video embedding prevented by plugin options. -->\n\n<p>La Municipalidad de San Pedro informa que se ha firmado el decreto 0802\/2022 que establece el lunes 25 de julio, D\u00eda No Laborable para la Administraci\u00f3n P\u00fablica Municipal e Instituciones Provinciales y feriado optativo para la Industria, el Comercio y restantes actividades, al cumplirse el 115\u00ba Aniversario de la Declaraci\u00f3n de San Pedro Ciudad. Como es habitual en estas fechas, se mantendr\u00e1n las guardias correspondientes a todos los servicios que brinda el municipio.<\/p>\n","protected":false},"excerpt":{"rendered":"<p>La Municipalidad de San Pedro informa que se ha firmado el decreto 0802\/2022 que establece el lunes 25 de julio, D\u00eda No Laborable para la Administraci\u00f3n P\u00fablica Municipal e Instituciones Provinciales y feriado optativo para la Industria, el Comercio y restantes actividades, al cumplirse el 115\u00ba Aniversario de la Declaraci\u00f3n de San Pedro Ciudad. Como [&hellip;]<\/p>\n","protected":false},"author":4,"featured_media":265,"comment_status":"closed","ping_status":"closed","sticky":false,"template":"","format":"standard","meta":{"om_disable_all_campaigns":false,"_jetpack_memberships_contains_paid_content":false,"footnotes":""},"categories":[50,101,2],"tags":[197,696,33,19],"class_list":["post-108951","post","type-post","status-publish","format-standard","has-post-thumbnail","hentry","category-destacadas","category-interes-general-locales","category-locales","tag-buenos-aires","tag-interes-general","tag-locales","tag-san-pedro"],"aioseo_notices":[],"gutentor_comment":0,"jetpack_featured_media_url":"https:\/\/eldiariodesanpedro.com.ar\/sitio\/wp-content\/uploads\/2015\/11\/Municipalidad-11.jpg","jetpack_shortlink":"https:\/\/wp.me\/p6RhLt-slh","jetpack_sharing_enabled":true,"_links":{"self":[{"href":"https:\/\/eldiariodesanpedro.com.ar\/sitio\/wp-json\/wp\/v2\/posts\/108951","targetHints":{"allow":["GET"]}}],"collection":[{"href":"https:\/\/eldiariodesanpedro.com.ar\/sitio\/wp-json\/wp\/v2\/posts"}],"about":[{"href":"https:\/\/eldiariodesanpedro.com.ar\/sitio\/wp-json\/wp\/v2\/types\/post"}],"author":[{"embeddable":true,"href":"https:\/\/eldiariodesanpedro.com.ar\/sitio\/wp-json\/wp\/v2\/users\/4"}],"replies":[{"embeddable":true,"href":"https:\/\/eldiariodesanpedro.com.ar\/sitio\/wp-json\/wp\/v2\/comments?post=108951"}],"version-history":[{"count":1,"href":"https:\/\/eldiariodesanpedro.com.ar\/sitio\/wp-json\/wp\/v2\/posts\/108951\/revisions"}],"predecessor-version":[{"id":108952,"href":"https:\/\/eldiariodesanpedro.com.ar\/sitio\/wp-json\/wp\/v2\/posts\/108951\/revisions\/108952"}],"wp:featuredmedia":[{"embeddable":true,"href":"https:\/\/eldiariodesanpedro.com.ar\/sitio\/wp-json\/wp\/v2\/media\/265"}],"wp:attachment":[{"href":"https:\/\/eldiariodesanpedro.com.ar\/sitio\/wp-json\/wp\/v2\/media?parent=108951"}],"wp:term":[{"taxonomy":"category","embeddable":true,"href":"https:\/\/eldiariodesanpedro.com.ar\/sitio\/wp-json\/wp\/v2\/categories?post=108951"},{"taxonomy":"post_tag","embeddable":true,"href":"https:\/\/eldiariodesanpedro.com.ar\/sitio\/wp-json\/wp\/v2\/tags?post=108951"}],"curies":[{"name":"wp","href":"https:\/\/api.w.org\/{rel}","templated":true}]}}