{"id":108932,"date":"2022-07-18T12:27:35","date_gmt":"2022-07-18T15:27:35","guid":{"rendered":"https:\/\/eldiariodesanpedro.com.ar\/sitio\/?p=108932"},"modified":"2022-07-18T12:27:36","modified_gmt":"2022-07-18T15:27:36","slug":"el-dr-gabriel-sayago-fue-designado-subsecretario-de-salud","status":"publish","type":"post","link":"https:\/\/eldiariodesanpedro.com.ar\/sitio\/el-dr-gabriel-sayago-fue-designado-subsecretario-de-salud\/","title":{"rendered":"El Dr. Gabriel Sayago fue designado subsecretario de Salud"},"content":{"rendered":"<!-- VideographyWP Plugin Message: Automatic video embedding prevented by plugin options. -->\n\n<p>El profesional ocupar\u00e1 el lugar que dej\u00f3 vacante tras su renuncia Lorena Elgoyen. El pr\u00f3ximo jueves ser\u00e1 puesto en funciones.<\/p>\n\n\n\n<p>El doctor Gabriel Sayago, quien se ven\u00eda desempe\u00f1ando como director de los centros de salud asumir\u00e1 en las pr\u00f3ximas horas el cargo de subsecretario de salud.<\/p>\n\n\n\n<p>Lo confirm\u00f3 el propio m\u00e9dico en el aire de FM G\u00e9nesis.<\/p>\n\n\n\n<p>El profesional asumir\u00e1 el pr\u00f3ximo jueves cuando se realice un acto oficial junto al resto de las autoridades.<\/p>\n\n\n\n<p>As\u00ed Sayago se desempe\u00f1ar\u00e1 junto al Dr. Pablo Pichioni en le Secretar\u00eda de Salud, y ocupar\u00e1 el lugar que qued\u00f3 vacante luego de la renuncia de Lorena Elgoyen al cargo.<\/p>\n\n\n\n<p>Fuente: <a href=\"https:\/\/www.sanpedroinforma.com.ar\/news-125111-el-dr-gabriel-sayago-fue-designado-subsecretario-de-salud\">San Pedro Informa<\/a><\/p>\n","protected":false},"excerpt":{"rendered":"<p>El profesional ocupar\u00e1 el lugar que dej\u00f3 vacante tras su renuncia Lorena Elgoyen. El pr\u00f3ximo jueves ser\u00e1 puesto en funciones. El doctor Gabriel Sayago, quien se ven\u00eda desempe\u00f1ando como director de los centros de salud asumir\u00e1 en las pr\u00f3ximas horas el cargo de subsecretario de salud. Lo confirm\u00f3 el propio m\u00e9dico en el aire de [&hellip;]<\/p>\n","protected":false},"author":4,"featured_media":108933,"comment_status":"closed","ping_status":"closed","sticky":false,"template":"","format":"standard","meta":{"om_disable_all_campaigns":false,"_jetpack_memberships_contains_paid_content":false,"footnotes":""},"categories":[50,101,2],"tags":[197,696,33,19],"class_list":["post-108932","post","type-post","status-publish","format-standard","has-post-thumbnail","hentry","category-destacadas","category-interes-general-locales","category-locales","tag-buenos-aires","tag-interes-general","tag-locales","tag-san-pedro"],"aioseo_notices":[],"gutentor_comment":0,"jetpack_featured_media_url":"https:\/\/eldiariodesanpedro.com.ar\/sitio\/wp-content\/uploads\/2022\/07\/0000021064-resized-1920x1080-1.jpg","jetpack_shortlink":"https:\/\/wp.me\/p6RhLt-skY","jetpack_sharing_enabled":true,"_links":{"self":[{"href":"https:\/\/eldiariodesanpedro.com.ar\/sitio\/wp-json\/wp\/v2\/posts\/108932","targetHints":{"allow":["GET"]}}],"collection":[{"href":"https:\/\/eldiariodesanpedro.com.ar\/sitio\/wp-json\/wp\/v2\/posts"}],"about":[{"href":"https:\/\/eldiariodesanpedro.com.ar\/sitio\/wp-json\/wp\/v2\/types\/post"}],"author":[{"embeddable":true,"href":"https:\/\/eldiariodesanpedro.com.ar\/sitio\/wp-json\/wp\/v2\/users\/4"}],"replies":[{"embeddable":true,"href":"https:\/\/eldiariodesanpedro.com.ar\/sitio\/wp-json\/wp\/v2\/comments?post=108932"}],"version-history":[{"count":1,"href":"https:\/\/eldiariodesanpedro.com.ar\/sitio\/wp-json\/wp\/v2\/posts\/108932\/revisions"}],"predecessor-version":[{"id":108934,"href":"https:\/\/eldiariodesanpedro.com.ar\/sitio\/wp-json\/wp\/v2\/posts\/108932\/revisions\/108934"}],"wp:featuredmedia":[{"embeddable":true,"href":"https:\/\/eldiariodesanpedro.com.ar\/sitio\/wp-json\/wp\/v2\/media\/108933"}],"wp:attachment":[{"href":"https:\/\/eldiariodesanpedro.com.ar\/sitio\/wp-json\/wp\/v2\/media?parent=108932"}],"wp:term":[{"taxonomy":"category","embeddable":true,"href":"https:\/\/eldiariodesanpedro.com.ar\/sitio\/wp-json\/wp\/v2\/categories?post=108932"},{"taxonomy":"post_tag","embeddable":true,"href":"https:\/\/eldiariodesanpedro.com.ar\/sitio\/wp-json\/wp\/v2\/tags?post=108932"}],"curies":[{"name":"wp","href":"https:\/\/api.w.org\/{rel}","templated":true}]}}