{"id":108930,"date":"2022-07-18T11:38:15","date_gmt":"2022-07-18T14:38:15","guid":{"rendered":"https:\/\/eldiariodesanpedro.com.ar\/sitio\/?p=108930"},"modified":"2022-07-18T11:38:16","modified_gmt":"2022-07-18T14:38:16","slug":"fue-arreglar-un-celular-a-un-domicilio-y-se-termino-robando-otro","status":"publish","type":"post","link":"https:\/\/eldiariodesanpedro.com.ar\/sitio\/fue-arreglar-un-celular-a-un-domicilio-y-se-termino-robando-otro\/","title":{"rendered":"Fue arreglar un celular a un domicilio y se termino robando otro"},"content":{"rendered":"<!-- VideographyWP Plugin Message: Automatic video embedding prevented by plugin options. -->\n\n<p>En el d\u00eda de ayer alrededor de las 22 horas denunci\u00f3 un ciudadano de 38 a\u00f1os, que al encontrarse en su domicilio, ubicado en calle Maestro Reina al 800, constata que un masculino que se hizo presente en su vivienda para ver a su hermano por el arreglo de un celular, le sustrae un celular Samsung A12 negro, documentaci\u00f3n y dinero en efectivo a determinar del interior morada.<\/p>\n\n\n\n<p>Interviene U.F.I. N\u00b0 05 Local.-<\/p>\n\n\n\n<p><\/p>\n","protected":false},"excerpt":{"rendered":"<p>En el d\u00eda de ayer alrededor de las 22 horas denunci\u00f3 un ciudadano de 38 a\u00f1os, que al encontrarse en su domicilio, ubicado en calle Maestro Reina al 800, constata que un masculino que se hizo presente en su vivienda para ver a su hermano por el arreglo de un celular, le sustrae un celular [&hellip;]<\/p>\n","protected":false},"author":4,"featured_media":57220,"comment_status":"closed","ping_status":"closed","sticky":false,"template":"","format":"standard","meta":{"om_disable_all_campaigns":false,"_jetpack_memberships_contains_paid_content":false,"footnotes":""},"categories":[50,2,103],"tags":[197,33,95,19],"class_list":["post-108930","post","type-post","status-publish","format-standard","has-post-thumbnail","hentry","category-destacadas","category-locales","category-policiales-locales","tag-buenos-aires","tag-locales","tag-policiales","tag-san-pedro"],"aioseo_notices":[],"gutentor_comment":0,"jetpack_featured_media_url":"https:\/\/eldiariodesanpedro.com.ar\/sitio\/wp-content\/uploads\/2019\/07\/comisaria-San-Pedro.jpg","jetpack_shortlink":"https:\/\/wp.me\/p6RhLt-skW","jetpack_sharing_enabled":true,"_links":{"self":[{"href":"https:\/\/eldiariodesanpedro.com.ar\/sitio\/wp-json\/wp\/v2\/posts\/108930","targetHints":{"allow":["GET"]}}],"collection":[{"href":"https:\/\/eldiariodesanpedro.com.ar\/sitio\/wp-json\/wp\/v2\/posts"}],"about":[{"href":"https:\/\/eldiariodesanpedro.com.ar\/sitio\/wp-json\/wp\/v2\/types\/post"}],"author":[{"embeddable":true,"href":"https:\/\/eldiariodesanpedro.com.ar\/sitio\/wp-json\/wp\/v2\/users\/4"}],"replies":[{"embeddable":true,"href":"https:\/\/eldiariodesanpedro.com.ar\/sitio\/wp-json\/wp\/v2\/comments?post=108930"}],"version-history":[{"count":1,"href":"https:\/\/eldiariodesanpedro.com.ar\/sitio\/wp-json\/wp\/v2\/posts\/108930\/revisions"}],"predecessor-version":[{"id":108931,"href":"https:\/\/eldiariodesanpedro.com.ar\/sitio\/wp-json\/wp\/v2\/posts\/108930\/revisions\/108931"}],"wp:featuredmedia":[{"embeddable":true,"href":"https:\/\/eldiariodesanpedro.com.ar\/sitio\/wp-json\/wp\/v2\/media\/57220"}],"wp:attachment":[{"href":"https:\/\/eldiariodesanpedro.com.ar\/sitio\/wp-json\/wp\/v2\/media?parent=108930"}],"wp:term":[{"taxonomy":"category","embeddable":true,"href":"https:\/\/eldiariodesanpedro.com.ar\/sitio\/wp-json\/wp\/v2\/categories?post=108930"},{"taxonomy":"post_tag","embeddable":true,"href":"https:\/\/eldiariodesanpedro.com.ar\/sitio\/wp-json\/wp\/v2\/tags?post=108930"}],"curies":[{"name":"wp","href":"https:\/\/api.w.org\/{rel}","templated":true}]}}