{"id":108928,"date":"2022-07-18T11:16:50","date_gmt":"2022-07-18T14:16:50","guid":{"rendered":"https:\/\/eldiariodesanpedro.com.ar\/sitio\/?p=108928"},"modified":"2022-07-18T11:16:51","modified_gmt":"2022-07-18T14:16:51","slug":"robaron-una-motocicleta-estacionada-en-la-via-publica-2","status":"publish","type":"post","link":"https:\/\/eldiariodesanpedro.com.ar\/sitio\/robaron-una-motocicleta-estacionada-en-la-via-publica-2\/","title":{"rendered":"Robaron una motocicleta estacionada en la v\u00eda p\u00fablica"},"content":{"rendered":"<!-- VideographyWP Plugin Message: Automatic video embedding prevented by plugin options. -->\n\n<p>En la jornada de ayer ocurri\u00f3 un robo en una vivienda donde sustrajeron una motocicleta sin trabas de seguridad.<\/p>\n\n\n\n<p>El hecho ocurri\u00f3 este domingo en una vivienda ubicada en calle Casella al 200 donde quien vive en el lugar una mujer de 31 a\u00f1os constata que autores ignorados&nbsp; le sustrajeron su motocicleta Gilera Smash 110 CC., de color azul, que hab\u00eda dejado estacionada en la v\u00eda p\u00fablica horas antes.<\/p>\n","protected":false},"excerpt":{"rendered":"<p>En la jornada de ayer ocurri\u00f3 un robo en una vivienda donde sustrajeron una motocicleta sin trabas de seguridad. El hecho ocurri\u00f3 este domingo en una vivienda ubicada en calle Casella al 200 donde quien vive en el lugar una mujer de 31 a\u00f1os constata que autores ignorados&nbsp; le sustrajeron su motocicleta Gilera Smash 110 [&hellip;]<\/p>\n","protected":false},"author":4,"featured_media":95357,"comment_status":"closed","ping_status":"closed","sticky":false,"template":"","format":"standard","meta":{"om_disable_all_campaigns":false,"_jetpack_memberships_contains_paid_content":false,"footnotes":""},"categories":[2,103],"tags":[],"class_list":["post-108928","post","type-post","status-publish","format-standard","has-post-thumbnail","hentry","category-locales","category-policiales-locales"],"aioseo_notices":[],"gutentor_comment":0,"jetpack_featured_media_url":"https:\/\/eldiariodesanpedro.com.ar\/sitio\/wp-content\/uploads\/2021\/07\/no_k5mylqtlradqcq3Patrullero.jpg","jetpack_shortlink":"https:\/\/wp.me\/p6RhLt-skU","jetpack_sharing_enabled":true,"_links":{"self":[{"href":"https:\/\/eldiariodesanpedro.com.ar\/sitio\/wp-json\/wp\/v2\/posts\/108928","targetHints":{"allow":["GET"]}}],"collection":[{"href":"https:\/\/eldiariodesanpedro.com.ar\/sitio\/wp-json\/wp\/v2\/posts"}],"about":[{"href":"https:\/\/eldiariodesanpedro.com.ar\/sitio\/wp-json\/wp\/v2\/types\/post"}],"author":[{"embeddable":true,"href":"https:\/\/eldiariodesanpedro.com.ar\/sitio\/wp-json\/wp\/v2\/users\/4"}],"replies":[{"embeddable":true,"href":"https:\/\/eldiariodesanpedro.com.ar\/sitio\/wp-json\/wp\/v2\/comments?post=108928"}],"version-history":[{"count":1,"href":"https:\/\/eldiariodesanpedro.com.ar\/sitio\/wp-json\/wp\/v2\/posts\/108928\/revisions"}],"predecessor-version":[{"id":108929,"href":"https:\/\/eldiariodesanpedro.com.ar\/sitio\/wp-json\/wp\/v2\/posts\/108928\/revisions\/108929"}],"wp:featuredmedia":[{"embeddable":true,"href":"https:\/\/eldiariodesanpedro.com.ar\/sitio\/wp-json\/wp\/v2\/media\/95357"}],"wp:attachment":[{"href":"https:\/\/eldiariodesanpedro.com.ar\/sitio\/wp-json\/wp\/v2\/media?parent=108928"}],"wp:term":[{"taxonomy":"category","embeddable":true,"href":"https:\/\/eldiariodesanpedro.com.ar\/sitio\/wp-json\/wp\/v2\/categories?post=108928"},{"taxonomy":"post_tag","embeddable":true,"href":"https:\/\/eldiariodesanpedro.com.ar\/sitio\/wp-json\/wp\/v2\/tags?post=108928"}],"curies":[{"name":"wp","href":"https:\/\/api.w.org\/{rel}","templated":true}]}}