{"id":108926,"date":"2022-07-18T11:01:28","date_gmt":"2022-07-18T14:01:28","guid":{"rendered":"https:\/\/eldiariodesanpedro.com.ar\/sitio\/?p=108926"},"modified":"2022-07-18T11:01:29","modified_gmt":"2022-07-18T14:01:29","slug":"delincuentes-entraron-a-una-vivienda-y-se-llevaron-hasta-el-perro","status":"publish","type":"post","link":"https:\/\/eldiariodesanpedro.com.ar\/sitio\/delincuentes-entraron-a-una-vivienda-y-se-llevaron-hasta-el-perro\/","title":{"rendered":"Delincuentes entraron a una vivienda y se llevaron hasta el perro"},"content":{"rendered":"<!-- VideographyWP Plugin Message: Automatic video embedding prevented by plugin options. -->\n\n<p>Este domingo se recibi\u00f3 una denuncia en la comisar\u00eda local por parte de una ciudadana mayor de edad que sufri\u00f3 el robo de su vivienda y le llevaron hasta el perro.<\/p>\n\n\n\n<p>En la jornada del domingo en horas de la ma\u00f1ana una mujer de 35 a\u00f1os que vive en una vivienda ubicada en calle 56 al 1300 donde delincuentes ignorados sustrajeron un lavarropas, un secarropa y un can del patio de la vivienda.<\/p>\n\n\n\n<p>La polic\u00eda investiga para poder dar con los objetos robados.<\/p>\n","protected":false},"excerpt":{"rendered":"<p>Este domingo se recibi\u00f3 una denuncia en la comisar\u00eda local por parte de una ciudadana mayor de edad que sufri\u00f3 el robo de su vivienda y le llevaron hasta el perro. En la jornada del domingo en horas de la ma\u00f1ana una mujer de 35 a\u00f1os que vive en una vivienda ubicada en calle 56 [&hellip;]<\/p>\n","protected":false},"author":4,"featured_media":45394,"comment_status":"closed","ping_status":"closed","sticky":false,"template":"","format":"standard","meta":{"om_disable_all_campaigns":false,"_jetpack_memberships_contains_paid_content":false,"footnotes":""},"categories":[50,2,103],"tags":[197,33,95,19],"class_list":["post-108926","post","type-post","status-publish","format-standard","has-post-thumbnail","hentry","category-destacadas","category-locales","category-policiales-locales","tag-buenos-aires","tag-locales","tag-policiales","tag-san-pedro"],"aioseo_notices":[],"gutentor_comment":0,"jetpack_featured_media_url":"https:\/\/eldiariodesanpedro.com.ar\/sitio\/wp-content\/uploads\/2019\/01\/comisaria.jpg","jetpack_shortlink":"https:\/\/wp.me\/p6RhLt-skS","jetpack_sharing_enabled":true,"_links":{"self":[{"href":"https:\/\/eldiariodesanpedro.com.ar\/sitio\/wp-json\/wp\/v2\/posts\/108926","targetHints":{"allow":["GET"]}}],"collection":[{"href":"https:\/\/eldiariodesanpedro.com.ar\/sitio\/wp-json\/wp\/v2\/posts"}],"about":[{"href":"https:\/\/eldiariodesanpedro.com.ar\/sitio\/wp-json\/wp\/v2\/types\/post"}],"author":[{"embeddable":true,"href":"https:\/\/eldiariodesanpedro.com.ar\/sitio\/wp-json\/wp\/v2\/users\/4"}],"replies":[{"embeddable":true,"href":"https:\/\/eldiariodesanpedro.com.ar\/sitio\/wp-json\/wp\/v2\/comments?post=108926"}],"version-history":[{"count":1,"href":"https:\/\/eldiariodesanpedro.com.ar\/sitio\/wp-json\/wp\/v2\/posts\/108926\/revisions"}],"predecessor-version":[{"id":108927,"href":"https:\/\/eldiariodesanpedro.com.ar\/sitio\/wp-json\/wp\/v2\/posts\/108926\/revisions\/108927"}],"wp:featuredmedia":[{"embeddable":true,"href":"https:\/\/eldiariodesanpedro.com.ar\/sitio\/wp-json\/wp\/v2\/media\/45394"}],"wp:attachment":[{"href":"https:\/\/eldiariodesanpedro.com.ar\/sitio\/wp-json\/wp\/v2\/media?parent=108926"}],"wp:term":[{"taxonomy":"category","embeddable":true,"href":"https:\/\/eldiariodesanpedro.com.ar\/sitio\/wp-json\/wp\/v2\/categories?post=108926"},{"taxonomy":"post_tag","embeddable":true,"href":"https:\/\/eldiariodesanpedro.com.ar\/sitio\/wp-json\/wp\/v2\/tags?post=108926"}],"curies":[{"name":"wp","href":"https:\/\/api.w.org\/{rel}","templated":true}]}}