{"id":108923,"date":"2022-07-17T22:29:53","date_gmt":"2022-07-18T01:29:53","guid":{"rendered":"https:\/\/eldiariodesanpedro.com.ar\/sitio\/?p=108923"},"modified":"2022-07-17T22:29:53","modified_gmt":"2022-07-18T01:29:53","slug":"fabian-cubero-inaugura-su-academia-en-san-pedro","status":"publish","type":"post","link":"https:\/\/eldiariodesanpedro.com.ar\/sitio\/fabian-cubero-inaugura-su-academia-en-san-pedro\/","title":{"rendered":"Fabi\u00e1n Cubero inaugura su academia en San Pedro"},"content":{"rendered":"<!-- VideographyWP Plugin Message: Automatic video embedding prevented by plugin options. -->\n\n<p>El ex jugador de V\u00e9lez encabeza un proyecto deportivo y San Pedro es una de las tres ciudades en d\u00f3nde se desarrollar\u00e1 la presentaci\u00f3n.<\/p>\n\n\n\n<p>El reconocido ex jugador de f\u00fatbol Fabi\u00e1n \u00abPoroto\u00bb Cubero tendr\u00e1 en nuestra ciudad su academia de f\u00fatbol.<\/p>\n\n\n\n<p>Ser\u00e1 la tercera que se instala en todo el pa\u00eds ya que hasta ahora est\u00e1n funcionando las academias de Mar del Plata y Bariloche.<\/p>\n\n\n\n<p>La academia funcionar\u00e1 en el complejo que se ubica sobre la ruta 191 en el ingreso a la ciudad<\/p>\n\n\n\n<p>\u00abTenemos una enorme expectativa porque sabemos que hay un potencial enorme en San Pedro\u00bb, dijo Cubero en el aire de FM G\u00e9nesis.<\/p>\n\n\n\n<p>\u00abLogramos llegar a San Pedro por medio de mi abogado que tiene muchos amigos en la ciudad\u00bb.<\/p>\n\n\n\n<p>\u00abConozco San Pedro porque he ido varias veces y si buen yo no voy a estar siempre lo har\u00e9 peri\u00f3dicamente\u00bb.<\/p>\n\n\n\n<p>\u00abNuestro objetivo es que los chicos disfruten y tengan actividades recreativas, y si se da trataremos de puedan probarse en alg\u00fan club de AFA\u00bb, dijo Cubero<\/p>\n","protected":false},"excerpt":{"rendered":"<p>El ex jugador de V\u00e9lez encabeza un proyecto deportivo y San Pedro es una de las tres ciudades en d\u00f3nde se desarrollar\u00e1 la presentaci\u00f3n. El reconocido ex jugador de f\u00fatbol Fabi\u00e1n \u00abPoroto\u00bb Cubero tendr\u00e1 en nuestra ciudad su academia de f\u00fatbol. Ser\u00e1 la tercera que se instala en todo el pa\u00eds ya que hasta ahora [&hellip;]<\/p>\n","protected":false},"author":4,"featured_media":108924,"comment_status":"closed","ping_status":"closed","sticky":false,"template":"","format":"standard","meta":{"om_disable_all_campaigns":false,"_jetpack_memberships_contains_paid_content":false,"footnotes":""},"categories":[50,101,2],"tags":[197,696,33,19],"class_list":["post-108923","post","type-post","status-publish","format-standard","has-post-thumbnail","hentry","category-destacadas","category-interes-general-locales","category-locales","tag-buenos-aires","tag-interes-general","tag-locales","tag-san-pedro"],"aioseo_notices":[],"gutentor_comment":0,"jetpack_featured_media_url":"https:\/\/eldiariodesanpedro.com.ar\/sitio\/wp-content\/uploads\/2022\/07\/0000021061-resized-1920x1080-1.jpg","jetpack_shortlink":"https:\/\/wp.me\/p6RhLt-skP","jetpack_sharing_enabled":true,"_links":{"self":[{"href":"https:\/\/eldiariodesanpedro.com.ar\/sitio\/wp-json\/wp\/v2\/posts\/108923","targetHints":{"allow":["GET"]}}],"collection":[{"href":"https:\/\/eldiariodesanpedro.com.ar\/sitio\/wp-json\/wp\/v2\/posts"}],"about":[{"href":"https:\/\/eldiariodesanpedro.com.ar\/sitio\/wp-json\/wp\/v2\/types\/post"}],"author":[{"embeddable":true,"href":"https:\/\/eldiariodesanpedro.com.ar\/sitio\/wp-json\/wp\/v2\/users\/4"}],"replies":[{"embeddable":true,"href":"https:\/\/eldiariodesanpedro.com.ar\/sitio\/wp-json\/wp\/v2\/comments?post=108923"}],"version-history":[{"count":1,"href":"https:\/\/eldiariodesanpedro.com.ar\/sitio\/wp-json\/wp\/v2\/posts\/108923\/revisions"}],"predecessor-version":[{"id":108925,"href":"https:\/\/eldiariodesanpedro.com.ar\/sitio\/wp-json\/wp\/v2\/posts\/108923\/revisions\/108925"}],"wp:featuredmedia":[{"embeddable":true,"href":"https:\/\/eldiariodesanpedro.com.ar\/sitio\/wp-json\/wp\/v2\/media\/108924"}],"wp:attachment":[{"href":"https:\/\/eldiariodesanpedro.com.ar\/sitio\/wp-json\/wp\/v2\/media?parent=108923"}],"wp:term":[{"taxonomy":"category","embeddable":true,"href":"https:\/\/eldiariodesanpedro.com.ar\/sitio\/wp-json\/wp\/v2\/categories?post=108923"},{"taxonomy":"post_tag","embeddable":true,"href":"https:\/\/eldiariodesanpedro.com.ar\/sitio\/wp-json\/wp\/v2\/tags?post=108923"}],"curies":[{"name":"wp","href":"https:\/\/api.w.org\/{rel}","templated":true}]}}