{"id":108918,"date":"2022-07-17T21:52:44","date_gmt":"2022-07-18T00:52:44","guid":{"rendered":"https:\/\/eldiariodesanpedro.com.ar\/sitio\/?p=108918"},"modified":"2022-07-17T22:17:56","modified_gmt":"2022-07-18T01:17:56","slug":"nina-de-tres-anos-recibio-una-hermosa-sorpresa-por-parte-de-policias-en-su-cumpleanos","status":"publish","type":"post","link":"https:\/\/eldiariodesanpedro.com.ar\/sitio\/nina-de-tres-anos-recibio-una-hermosa-sorpresa-por-parte-de-policias-en-su-cumpleanos\/","title":{"rendered":"Ni\u00f1a de tres a\u00f1os recibi\u00f3 una hermosa sorpresa por parte de polic\u00edas en su cumplea\u00f1os"},"content":{"rendered":"<!-- VideographyWP Plugin Message: Automatic video embedding prevented by plugin options. -->\n\n<p>Este domingo fue el cumplea\u00f1os de la peque\u00f1a Alayde Milagros Perguentini que celebro sus 3 a\u00f1itos y  la madre arreglo con los efectivos policiales que le fueron a llevar la torta de cumplea\u00f1os. <\/p>\n\n\n\n<p>Todo esto por que la ni\u00f1a con sus tres a\u00f1itos ya admira a los efectivos policiales y le gustar\u00eda pertenecer a la fuerzas alg\u00fan d\u00eda.<\/p>\n\n\n\n<p>El cumplea\u00f1os se realizaba en la vivienda ubicada en calle Martin Fierro 835 donde el m\u00f3vil policial se hizo presente y le llevo la torta adem\u00e1s de dejarla sentarse dentro del patrullero.<\/p>\n\n\n\n<p>Muy buen gesto de los efectivos.<\/p>\n\n\n\n<iframe data-src=\"https:\/\/www.facebook.com\/plugins\/video.php?height=314&#038;href=https%3A%2F%2Fwww.facebook.com%2Feldiario.sanpedro.7%2Fvideos%2F1828869420788669%2F&#038;show_text=false&#038;width=560&#038;t=0\" width=\"560\" height=\"314\" style=\"border:none;overflow:hidden\" scrolling=\"no\" frameborder=\"0\" allowfullscreen=\"true\" allow=\"autoplay; clipboard-write; encrypted-media; picture-in-picture; web-share\" allowFullScreen=\"true\" src=\"data:image\/svg+xml;base64,PHN2ZyB3aWR0aD0iMSIgaGVpZ2h0PSIxIiB4bWxucz0iaHR0cDovL3d3dy53My5vcmcvMjAwMC9zdmciPjwvc3ZnPg==\" class=\"lazyload\" data-load-mode=\"1\"><\/iframe>\n","protected":false},"excerpt":{"rendered":"<p>Este domingo fue el cumplea\u00f1os de la peque\u00f1a Alayde Milagros Perguentini que celebro sus 3 a\u00f1itos y la madre arreglo con los efectivos policiales que le fueron a llevar la torta de cumplea\u00f1os. Todo esto por que la ni\u00f1a con sus tres a\u00f1itos ya admira a los efectivos policiales y le gustar\u00eda pertenecer a la [&hellip;]<\/p>\n","protected":false},"author":4,"featured_media":108919,"comment_status":"closed","ping_status":"closed","sticky":false,"template":"","format":"standard","meta":{"om_disable_all_campaigns":false,"_jetpack_memberships_contains_paid_content":false,"footnotes":""},"categories":[50,101,2],"tags":[197,696,33,19],"class_list":["post-108918","post","type-post","status-publish","format-standard","has-post-thumbnail","hentry","category-destacadas","category-interes-general-locales","category-locales","tag-buenos-aires","tag-interes-general","tag-locales","tag-san-pedro"],"aioseo_notices":[],"gutentor_comment":0,"jetpack_featured_media_url":"https:\/\/eldiariodesanpedro.com.ar\/sitio\/wp-content\/uploads\/2022\/07\/medida-9.png","jetpack_shortlink":"https:\/\/wp.me\/p6RhLt-skK","jetpack_sharing_enabled":true,"_links":{"self":[{"href":"https:\/\/eldiariodesanpedro.com.ar\/sitio\/wp-json\/wp\/v2\/posts\/108918","targetHints":{"allow":["GET"]}}],"collection":[{"href":"https:\/\/eldiariodesanpedro.com.ar\/sitio\/wp-json\/wp\/v2\/posts"}],"about":[{"href":"https:\/\/eldiariodesanpedro.com.ar\/sitio\/wp-json\/wp\/v2\/types\/post"}],"author":[{"embeddable":true,"href":"https:\/\/eldiariodesanpedro.com.ar\/sitio\/wp-json\/wp\/v2\/users\/4"}],"replies":[{"embeddable":true,"href":"https:\/\/eldiariodesanpedro.com.ar\/sitio\/wp-json\/wp\/v2\/comments?post=108918"}],"version-history":[{"count":2,"href":"https:\/\/eldiariodesanpedro.com.ar\/sitio\/wp-json\/wp\/v2\/posts\/108918\/revisions"}],"predecessor-version":[{"id":108922,"href":"https:\/\/eldiariodesanpedro.com.ar\/sitio\/wp-json\/wp\/v2\/posts\/108918\/revisions\/108922"}],"wp:featuredmedia":[{"embeddable":true,"href":"https:\/\/eldiariodesanpedro.com.ar\/sitio\/wp-json\/wp\/v2\/media\/108919"}],"wp:attachment":[{"href":"https:\/\/eldiariodesanpedro.com.ar\/sitio\/wp-json\/wp\/v2\/media?parent=108918"}],"wp:term":[{"taxonomy":"category","embeddable":true,"href":"https:\/\/eldiariodesanpedro.com.ar\/sitio\/wp-json\/wp\/v2\/categories?post=108918"},{"taxonomy":"post_tag","embeddable":true,"href":"https:\/\/eldiariodesanpedro.com.ar\/sitio\/wp-json\/wp\/v2\/tags?post=108918"}],"curies":[{"name":"wp","href":"https:\/\/api.w.org\/{rel}","templated":true}]}}