{"id":108916,"date":"2022-07-17T21:22:05","date_gmt":"2022-07-18T00:22:05","guid":{"rendered":"https:\/\/eldiariodesanpedro.com.ar\/sitio\/?p=108916"},"modified":"2022-07-17T21:22:06","modified_gmt":"2022-07-18T00:22:06","slug":"por-aumento-de-casos-de-coronavirus-el-hospital-restringe-el-acceso-a-la-salas-de-internacion","status":"publish","type":"post","link":"https:\/\/eldiariodesanpedro.com.ar\/sitio\/por-aumento-de-casos-de-coronavirus-el-hospital-restringe-el-acceso-a-la-salas-de-internacion\/","title":{"rendered":"Por aumento de casos de coronavirus, el hospital restringe el acceso a la salas de internaci\u00f3n"},"content":{"rendered":"<!-- VideographyWP Plugin Message: Automatic video embedding prevented by plugin options. -->\n\n<p>La Secretaria de Salud, a trav\u00e9s de la Direcci\u00f3n del Hospital Subzonal de San Pedro solicita extremar las medias de cumplimiento del Protocolo Covid 19 para aquellos familiares que ingresan como visita a las \u00e1reas de internaci\u00f3n del hospital.<\/p>\n\n\n\n<p>En virtud de casos en los servicios que cumplen aislamiento, solo se permitir\u00e1 el ingreso de un familiar por paciente. En los horarios de visitas habilitados en el caso de concurrir m\u00e1s de un familiar deber\u00e1n ingresar uno por vez.<br>Que es obligatorio la utilizaci\u00f3n de barbijo en todas las instalaci\u00f3n del servicio p\u00fablico de salud del municipio.<br>Se solicita acatar las indicaciones del personal de seguridad, t\u00e9cnicos y m\u00e9dicos en cuanto a los cuidados para no afectar a los pacientes internados.<\/p>\n","protected":false},"excerpt":{"rendered":"<p>La Secretaria de Salud, a trav\u00e9s de la Direcci\u00f3n del Hospital Subzonal de San Pedro solicita extremar las medias de cumplimiento del Protocolo Covid 19 para aquellos familiares que ingresan como visita a las \u00e1reas de internaci\u00f3n del hospital. En virtud de casos en los servicios que cumplen aislamiento, solo se permitir\u00e1 el ingreso de [&hellip;]<\/p>\n","protected":false},"author":4,"featured_media":105158,"comment_status":"closed","ping_status":"closed","sticky":false,"template":"","format":"standard","meta":{"om_disable_all_campaigns":false,"_jetpack_memberships_contains_paid_content":false,"footnotes":""},"categories":[50,101,2],"tags":[197,696,33,19],"class_list":["post-108916","post","type-post","status-publish","format-standard","has-post-thumbnail","hentry","category-destacadas","category-interes-general-locales","category-locales","tag-buenos-aires","tag-interes-general","tag-locales","tag-san-pedro"],"aioseo_notices":[],"gutentor_comment":0,"jetpack_featured_media_url":"https:\/\/eldiariodesanpedro.com.ar\/sitio\/wp-content\/uploads\/2022\/03\/Hospital-frente-2018.jpg","jetpack_shortlink":"https:\/\/wp.me\/p6RhLt-skI","jetpack_sharing_enabled":true,"_links":{"self":[{"href":"https:\/\/eldiariodesanpedro.com.ar\/sitio\/wp-json\/wp\/v2\/posts\/108916","targetHints":{"allow":["GET"]}}],"collection":[{"href":"https:\/\/eldiariodesanpedro.com.ar\/sitio\/wp-json\/wp\/v2\/posts"}],"about":[{"href":"https:\/\/eldiariodesanpedro.com.ar\/sitio\/wp-json\/wp\/v2\/types\/post"}],"author":[{"embeddable":true,"href":"https:\/\/eldiariodesanpedro.com.ar\/sitio\/wp-json\/wp\/v2\/users\/4"}],"replies":[{"embeddable":true,"href":"https:\/\/eldiariodesanpedro.com.ar\/sitio\/wp-json\/wp\/v2\/comments?post=108916"}],"version-history":[{"count":1,"href":"https:\/\/eldiariodesanpedro.com.ar\/sitio\/wp-json\/wp\/v2\/posts\/108916\/revisions"}],"predecessor-version":[{"id":108917,"href":"https:\/\/eldiariodesanpedro.com.ar\/sitio\/wp-json\/wp\/v2\/posts\/108916\/revisions\/108917"}],"wp:featuredmedia":[{"embeddable":true,"href":"https:\/\/eldiariodesanpedro.com.ar\/sitio\/wp-json\/wp\/v2\/media\/105158"}],"wp:attachment":[{"href":"https:\/\/eldiariodesanpedro.com.ar\/sitio\/wp-json\/wp\/v2\/media?parent=108916"}],"wp:term":[{"taxonomy":"category","embeddable":true,"href":"https:\/\/eldiariodesanpedro.com.ar\/sitio\/wp-json\/wp\/v2\/categories?post=108916"},{"taxonomy":"post_tag","embeddable":true,"href":"https:\/\/eldiariodesanpedro.com.ar\/sitio\/wp-json\/wp\/v2\/tags?post=108916"}],"curies":[{"name":"wp","href":"https:\/\/api.w.org\/{rel}","templated":true}]}}