{"id":108904,"date":"2022-07-17T16:16:47","date_gmt":"2022-07-17T19:16:47","guid":{"rendered":"https:\/\/eldiariodesanpedro.com.ar\/sitio\/?p=108904"},"modified":"2022-07-17T16:16:48","modified_gmt":"2022-07-17T19:16:48","slug":"la-policia-suspendio-un-evento-de-boxeo-en-banfield-por-falta-de-autorizaciones","status":"publish","type":"post","link":"https:\/\/eldiariodesanpedro.com.ar\/sitio\/la-policia-suspendio-un-evento-de-boxeo-en-banfield-por-falta-de-autorizaciones\/","title":{"rendered":"La polic\u00eda suspendi\u00f3 un evento de boxeo en Banfield por falta de autorizaciones"},"content":{"rendered":"<!-- VideographyWP Plugin Message: Automatic video embedding prevented by plugin options. -->\n\n<p>El personal policial se constituye en Club Social y Deportivo Banfield, ubicado en calle 11 de Septiembre y Auli, donde constatando evento pugil\u00edstico con 250 espectadores aproximadamente, no posee habilitaci\u00f3n municipal, y no hall\u00e1ndose autorizada la velada por el A. Pre Vi.De (Agencia de Prevenci\u00f3n de la Violencia en el Deporte)., traslad\u00e1ndose al organizador del encuentro de box para su notificaci\u00f3n de la formaci\u00f3n de causa contravencional.&nbsp;<\/p>\n\n\n\n<p>Interviene Juzgado de Paz San Pedro y A. Pre Vi.De.<\/p>\n","protected":false},"excerpt":{"rendered":"<p>El personal policial se constituye en Club Social y Deportivo Banfield, ubicado en calle 11 de Septiembre y Auli, donde constatando evento pugil\u00edstico con 250 espectadores aproximadamente, no posee habilitaci\u00f3n municipal, y no hall\u00e1ndose autorizada la velada por el A. Pre Vi.De (Agencia de Prevenci\u00f3n de la Violencia en el Deporte)., traslad\u00e1ndose al organizador del [&hellip;]<\/p>\n","protected":false},"author":4,"featured_media":108905,"comment_status":"closed","ping_status":"closed","sticky":false,"template":"","format":"standard","meta":{"om_disable_all_campaigns":false,"_jetpack_memberships_contains_paid_content":false,"footnotes":""},"categories":[2,103],"tags":[197,696,33,19],"class_list":["post-108904","post","type-post","status-publish","format-standard","has-post-thumbnail","hentry","category-locales","category-policiales-locales","tag-buenos-aires","tag-interes-general","tag-locales","tag-san-pedro"],"aioseo_notices":[],"gutentor_comment":0,"jetpack_featured_media_url":"https:\/\/eldiariodesanpedro.com.ar\/sitio\/wp-content\/uploads\/2022\/07\/ba3cb25b-6886-425b-8e3c-e94d30dcb7e7.jpg","jetpack_shortlink":"https:\/\/wp.me\/p6RhLt-skw","jetpack_sharing_enabled":true,"_links":{"self":[{"href":"https:\/\/eldiariodesanpedro.com.ar\/sitio\/wp-json\/wp\/v2\/posts\/108904","targetHints":{"allow":["GET"]}}],"collection":[{"href":"https:\/\/eldiariodesanpedro.com.ar\/sitio\/wp-json\/wp\/v2\/posts"}],"about":[{"href":"https:\/\/eldiariodesanpedro.com.ar\/sitio\/wp-json\/wp\/v2\/types\/post"}],"author":[{"embeddable":true,"href":"https:\/\/eldiariodesanpedro.com.ar\/sitio\/wp-json\/wp\/v2\/users\/4"}],"replies":[{"embeddable":true,"href":"https:\/\/eldiariodesanpedro.com.ar\/sitio\/wp-json\/wp\/v2\/comments?post=108904"}],"version-history":[{"count":1,"href":"https:\/\/eldiariodesanpedro.com.ar\/sitio\/wp-json\/wp\/v2\/posts\/108904\/revisions"}],"predecessor-version":[{"id":108906,"href":"https:\/\/eldiariodesanpedro.com.ar\/sitio\/wp-json\/wp\/v2\/posts\/108904\/revisions\/108906"}],"wp:featuredmedia":[{"embeddable":true,"href":"https:\/\/eldiariodesanpedro.com.ar\/sitio\/wp-json\/wp\/v2\/media\/108905"}],"wp:attachment":[{"href":"https:\/\/eldiariodesanpedro.com.ar\/sitio\/wp-json\/wp\/v2\/media?parent=108904"}],"wp:term":[{"taxonomy":"category","embeddable":true,"href":"https:\/\/eldiariodesanpedro.com.ar\/sitio\/wp-json\/wp\/v2\/categories?post=108904"},{"taxonomy":"post_tag","embeddable":true,"href":"https:\/\/eldiariodesanpedro.com.ar\/sitio\/wp-json\/wp\/v2\/tags?post=108904"}],"curies":[{"name":"wp","href":"https:\/\/api.w.org\/{rel}","templated":true}]}}