{"id":108901,"date":"2022-07-17T16:06:12","date_gmt":"2022-07-17T19:06:12","guid":{"rendered":"https:\/\/eldiariodesanpedro.com.ar\/sitio\/?p=108901"},"modified":"2022-07-17T16:06:12","modified_gmt":"2022-07-17T19:06:12","slug":"se-secuestraron-dos-rodados-por-falta-de-documentacion-en-controles-de-transito","status":"publish","type":"post","link":"https:\/\/eldiariodesanpedro.com.ar\/sitio\/se-secuestraron-dos-rodados-por-falta-de-documentacion-en-controles-de-transito\/","title":{"rendered":"Se secuestraron dos rodados por falta de documentaci\u00f3n en controles de tr\u00e1nsito"},"content":{"rendered":"<!-- VideographyWP Plugin Message: Automatic video embedding prevented by plugin options. -->\n\n<p>En la madrugada de este domingo a partir de las 00 horas el personal policial en forma conjunta con personal de Inspecci\u00f3n Municipal realiz\u00f3 operativo est\u00e1tico en calle Mitre y Las Heras, procedi\u00e9ndose a la identificaci\u00f3n de catorce personas y nueve rodados entre autom\u00f3viles y motocicletas, secuestr\u00e1ndose dos autom\u00f3viles por carecer documentaci\u00f3n.\u00a0<\/p>\n\n\n\n<p>Infractores dos masculinos de 40 y 32 a\u00f1os de edad.<\/p>\n\n\n\n<p>Interviene Juzgado de Faltas San Pedro.-<\/p>\n","protected":false},"excerpt":{"rendered":"<p>En la madrugada de este domingo a partir de las 00 horas el personal policial en forma conjunta con personal de Inspecci\u00f3n Municipal realiz\u00f3 operativo est\u00e1tico en calle Mitre y Las Heras, procedi\u00e9ndose a la identificaci\u00f3n de catorce personas y nueve rodados entre autom\u00f3viles y motocicletas, secuestr\u00e1ndose dos autom\u00f3viles por carecer documentaci\u00f3n.\u00a0 Infractores dos masculinos [&hellip;]<\/p>\n","protected":false},"author":4,"featured_media":108902,"comment_status":"closed","ping_status":"closed","sticky":false,"template":"","format":"standard","meta":{"om_disable_all_campaigns":false,"_jetpack_memberships_contains_paid_content":false,"footnotes":""},"categories":[2,103],"tags":[197,33,95,19],"class_list":["post-108901","post","type-post","status-publish","format-standard","has-post-thumbnail","hentry","category-locales","category-policiales-locales","tag-buenos-aires","tag-locales","tag-policiales","tag-san-pedro"],"aioseo_notices":[],"gutentor_comment":0,"jetpack_featured_media_url":"https:\/\/eldiariodesanpedro.com.ar\/sitio\/wp-content\/uploads\/2022\/07\/medida-6.png","jetpack_shortlink":"https:\/\/wp.me\/p6RhLt-skt","jetpack_sharing_enabled":true,"_links":{"self":[{"href":"https:\/\/eldiariodesanpedro.com.ar\/sitio\/wp-json\/wp\/v2\/posts\/108901","targetHints":{"allow":["GET"]}}],"collection":[{"href":"https:\/\/eldiariodesanpedro.com.ar\/sitio\/wp-json\/wp\/v2\/posts"}],"about":[{"href":"https:\/\/eldiariodesanpedro.com.ar\/sitio\/wp-json\/wp\/v2\/types\/post"}],"author":[{"embeddable":true,"href":"https:\/\/eldiariodesanpedro.com.ar\/sitio\/wp-json\/wp\/v2\/users\/4"}],"replies":[{"embeddable":true,"href":"https:\/\/eldiariodesanpedro.com.ar\/sitio\/wp-json\/wp\/v2\/comments?post=108901"}],"version-history":[{"count":1,"href":"https:\/\/eldiariodesanpedro.com.ar\/sitio\/wp-json\/wp\/v2\/posts\/108901\/revisions"}],"predecessor-version":[{"id":108903,"href":"https:\/\/eldiariodesanpedro.com.ar\/sitio\/wp-json\/wp\/v2\/posts\/108901\/revisions\/108903"}],"wp:featuredmedia":[{"embeddable":true,"href":"https:\/\/eldiariodesanpedro.com.ar\/sitio\/wp-json\/wp\/v2\/media\/108902"}],"wp:attachment":[{"href":"https:\/\/eldiariodesanpedro.com.ar\/sitio\/wp-json\/wp\/v2\/media?parent=108901"}],"wp:term":[{"taxonomy":"category","embeddable":true,"href":"https:\/\/eldiariodesanpedro.com.ar\/sitio\/wp-json\/wp\/v2\/categories?post=108901"},{"taxonomy":"post_tag","embeddable":true,"href":"https:\/\/eldiariodesanpedro.com.ar\/sitio\/wp-json\/wp\/v2\/tags?post=108901"}],"curies":[{"name":"wp","href":"https:\/\/api.w.org\/{rel}","templated":true}]}}