{"id":108896,"date":"2022-07-17T15:38:36","date_gmt":"2022-07-17T18:38:36","guid":{"rendered":"https:\/\/eldiariodesanpedro.com.ar\/sitio\/?p=108896"},"modified":"2022-07-17T15:38:36","modified_gmt":"2022-07-17T18:38:36","slug":"una-persona-que-robaba-maderas-en-desuso-de-una-construccion-fue-aprehendida","status":"publish","type":"post","link":"https:\/\/eldiariodesanpedro.com.ar\/sitio\/una-persona-que-robaba-maderas-en-desuso-de-una-construccion-fue-aprehendida\/","title":{"rendered":"Una persona que robaba maderas en desus\u00f3 de una construcci\u00f3n fue aprehendida"},"content":{"rendered":"<!-- VideographyWP Plugin Message: Automatic video embedding prevented by plugin options. -->\n\n<p>En la jornada de este s\u00e1bado&nbsp; la polic\u00eda de nuestra ciudad llev\u00f3 a cabo la aprehensi\u00f3n de una persona que se encontraba dentro de una vivienda en construcci\u00f3n que intentaba robarse maderas en un carro a tracci\u00f3n a sangre.<\/p>\n\n\n\n<p>El hecho ocurri\u00f3 ayer alrededor de las 20 hs en una vivienda en construcci\u00f3n en calle Sargento Selada y Lavalle donde se procede a la aprehensi\u00f3n de un ciudadano de 31 a\u00f1os quien se encontraba con un carro con acarreando maderas en desuso.<\/p>\n\n\n\n<p>El ciudadano fue trasladado a la comisar\u00eda local y puesto en libertad r\u00e1pidamente quedando imputado por la causa de tentativa de hurto.<\/p>\n\n\n\n<figure class=\"wp-block-image size-full\"><img decoding=\"async\" width=\"579\" height=\"630\" data-attachment-id=\"108898\" data-permalink=\"https:\/\/eldiariodesanpedro.com.ar\/sitio\/una-persona-que-robaba-maderas-en-desuso-de-una-construccion-fue-aprehendida\/whatsapp-image-2022-07-17-at-12-00-06-pm\/\" data-orig-file=\"https:\/\/eldiariodesanpedro.com.ar\/sitio\/wp-content\/uploads\/2022\/07\/WhatsApp-Image-2022-07-17-at-12.00.06-PM.jpeg\" data-orig-size=\"579,630\" data-comments-opened=\"0\" data-image-meta=\"{&quot;aperture&quot;:&quot;0&quot;,&quot;credit&quot;:&quot;&quot;,&quot;camera&quot;:&quot;&quot;,&quot;caption&quot;:&quot;&quot;,&quot;created_timestamp&quot;:&quot;0&quot;,&quot;copyright&quot;:&quot;&quot;,&quot;focal_length&quot;:&quot;0&quot;,&quot;iso&quot;:&quot;0&quot;,&quot;shutter_speed&quot;:&quot;0&quot;,&quot;title&quot;:&quot;&quot;,&quot;orientation&quot;:&quot;0&quot;}\" data-image-title=\"WhatsApp Image 2022-07-17 at 12.00.06 PM\" data-image-description=\"\" data-image-caption=\"\" data-large-file=\"https:\/\/eldiariodesanpedro.com.ar\/sitio\/wp-content\/uploads\/2022\/07\/WhatsApp-Image-2022-07-17-at-12.00.06-PM.jpeg\" data-src=\"https:\/\/eldiariodesanpedro.com.ar\/sitio\/wp-content\/uploads\/2022\/07\/WhatsApp-Image-2022-07-17-at-12.00.06-PM.jpeg\" alt=\"\" class=\"wp-image-108898 lazyload\" data-srcset=\"https:\/\/eldiariodesanpedro.com.ar\/sitio\/wp-content\/uploads\/2022\/07\/WhatsApp-Image-2022-07-17-at-12.00.06-PM.jpeg 579w, https:\/\/eldiariodesanpedro.com.ar\/sitio\/wp-content\/uploads\/2022\/07\/WhatsApp-Image-2022-07-17-at-12.00.06-PM-276x300.jpeg 276w\" data-sizes=\"(max-width: 579px) 100vw, 579px\" src=\"data:image\/svg+xml;base64,PHN2ZyB3aWR0aD0iMSIgaGVpZ2h0PSIxIiB4bWxucz0iaHR0cDovL3d3dy53My5vcmcvMjAwMC9zdmciPjwvc3ZnPg==\" style=\"--smush-placeholder-width: 579px; --smush-placeholder-aspect-ratio: 579\/630;\" \/><\/figure>\n\n\n\n<figure class=\"wp-block-image size-full\"><img decoding=\"async\" width=\"654\" height=\"630\" data-attachment-id=\"108899\" data-permalink=\"https:\/\/eldiariodesanpedro.com.ar\/sitio\/una-persona-que-robaba-maderas-en-desuso-de-una-construccion-fue-aprehendida\/whatsapp-image-2022-07-17-at-12-00-06-pm-1\/\" data-orig-file=\"https:\/\/eldiariodesanpedro.com.ar\/sitio\/wp-content\/uploads\/2022\/07\/WhatsApp-Image-2022-07-17-at-12.00.06-PM-1.jpeg\" data-orig-size=\"654,630\" data-comments-opened=\"0\" data-image-meta=\"{&quot;aperture&quot;:&quot;0&quot;,&quot;credit&quot;:&quot;&quot;,&quot;camera&quot;:&quot;&quot;,&quot;caption&quot;:&quot;&quot;,&quot;created_timestamp&quot;:&quot;0&quot;,&quot;copyright&quot;:&quot;&quot;,&quot;focal_length&quot;:&quot;0&quot;,&quot;iso&quot;:&quot;0&quot;,&quot;shutter_speed&quot;:&quot;0&quot;,&quot;title&quot;:&quot;&quot;,&quot;orientation&quot;:&quot;0&quot;}\" data-image-title=\"WhatsApp-Image-2022-07-17-at-12.00.06-PM-1\" data-image-description=\"\" data-image-caption=\"\" data-large-file=\"https:\/\/eldiariodesanpedro.com.ar\/sitio\/wp-content\/uploads\/2022\/07\/WhatsApp-Image-2022-07-17-at-12.00.06-PM-1.jpeg\" data-src=\"https:\/\/eldiariodesanpedro.com.ar\/sitio\/wp-content\/uploads\/2022\/07\/WhatsApp-Image-2022-07-17-at-12.00.06-PM-1.jpeg\" alt=\"\" class=\"wp-image-108899 lazyload\" data-srcset=\"https:\/\/eldiariodesanpedro.com.ar\/sitio\/wp-content\/uploads\/2022\/07\/WhatsApp-Image-2022-07-17-at-12.00.06-PM-1.jpeg 654w, https:\/\/eldiariodesanpedro.com.ar\/sitio\/wp-content\/uploads\/2022\/07\/WhatsApp-Image-2022-07-17-at-12.00.06-PM-1-300x289.jpeg 300w\" data-sizes=\"(max-width: 654px) 100vw, 654px\" src=\"data:image\/svg+xml;base64,PHN2ZyB3aWR0aD0iMSIgaGVpZ2h0PSIxIiB4bWxucz0iaHR0cDovL3d3dy53My5vcmcvMjAwMC9zdmciPjwvc3ZnPg==\" style=\"--smush-placeholder-width: 654px; --smush-placeholder-aspect-ratio: 654\/630;\" \/><\/figure>\n","protected":false},"excerpt":{"rendered":"<p>En la jornada de este s\u00e1bado&nbsp; la polic\u00eda de nuestra ciudad llev\u00f3 a cabo la aprehensi\u00f3n de una persona que se encontraba dentro de una vivienda en construcci\u00f3n que intentaba robarse maderas en un carro a tracci\u00f3n a sangre. El hecho ocurri\u00f3 ayer alrededor de las 20 hs en una vivienda en construcci\u00f3n en calle [&hellip;]<\/p>\n","protected":false},"author":4,"featured_media":108897,"comment_status":"closed","ping_status":"closed","sticky":false,"template":"","format":"standard","meta":{"om_disable_all_campaigns":false,"_jetpack_memberships_contains_paid_content":false,"footnotes":""},"categories":[2,103],"tags":[197,33,95,19],"class_list":["post-108896","post","type-post","status-publish","format-standard","has-post-thumbnail","hentry","category-locales","category-policiales-locales","tag-buenos-aires","tag-locales","tag-policiales","tag-san-pedro"],"aioseo_notices":[],"gutentor_comment":0,"jetpack_featured_media_url":"https:\/\/eldiariodesanpedro.com.ar\/sitio\/wp-content\/uploads\/2022\/07\/medida-5.png","jetpack_shortlink":"https:\/\/wp.me\/p6RhLt-sko","jetpack_sharing_enabled":true,"_links":{"self":[{"href":"https:\/\/eldiariodesanpedro.com.ar\/sitio\/wp-json\/wp\/v2\/posts\/108896","targetHints":{"allow":["GET"]}}],"collection":[{"href":"https:\/\/eldiariodesanpedro.com.ar\/sitio\/wp-json\/wp\/v2\/posts"}],"about":[{"href":"https:\/\/eldiariodesanpedro.com.ar\/sitio\/wp-json\/wp\/v2\/types\/post"}],"author":[{"embeddable":true,"href":"https:\/\/eldiariodesanpedro.com.ar\/sitio\/wp-json\/wp\/v2\/users\/4"}],"replies":[{"embeddable":true,"href":"https:\/\/eldiariodesanpedro.com.ar\/sitio\/wp-json\/wp\/v2\/comments?post=108896"}],"version-history":[{"count":1,"href":"https:\/\/eldiariodesanpedro.com.ar\/sitio\/wp-json\/wp\/v2\/posts\/108896\/revisions"}],"predecessor-version":[{"id":108900,"href":"https:\/\/eldiariodesanpedro.com.ar\/sitio\/wp-json\/wp\/v2\/posts\/108896\/revisions\/108900"}],"wp:featuredmedia":[{"embeddable":true,"href":"https:\/\/eldiariodesanpedro.com.ar\/sitio\/wp-json\/wp\/v2\/media\/108897"}],"wp:attachment":[{"href":"https:\/\/eldiariodesanpedro.com.ar\/sitio\/wp-json\/wp\/v2\/media?parent=108896"}],"wp:term":[{"taxonomy":"category","embeddable":true,"href":"https:\/\/eldiariodesanpedro.com.ar\/sitio\/wp-json\/wp\/v2\/categories?post=108896"},{"taxonomy":"post_tag","embeddable":true,"href":"https:\/\/eldiariodesanpedro.com.ar\/sitio\/wp-json\/wp\/v2\/tags?post=108896"}],"curies":[{"name":"wp","href":"https:\/\/api.w.org\/{rel}","templated":true}]}}