{"id":108890,"date":"2022-07-17T15:16:17","date_gmt":"2022-07-17T18:16:17","guid":{"rendered":"https:\/\/eldiariodesanpedro.com.ar\/sitio\/?p=108890"},"modified":"2022-07-17T15:16:18","modified_gmt":"2022-07-17T18:16:18","slug":"buscan-a-automovil-citroen-que-ayer-choco-una-joven-y-se-dio-a-la-fuga","status":"publish","type":"post","link":"https:\/\/eldiariodesanpedro.com.ar\/sitio\/buscan-a-automovil-citroen-que-ayer-choco-una-joven-y-se-dio-a-la-fuga\/","title":{"rendered":"Buscan a autom\u00f3vil Citro\u00ebn que ayer choco una joven y se dio a la fuga"},"content":{"rendered":"<!-- VideographyWP Plugin Message: Automatic video embedding prevented by plugin options. -->\n\n<p>A trav\u00e9s de las redes sociales la joven de 17 a\u00f1os de edad que ayer fue victima de un accidente de transito donde el rodado que la impacto se dio a la fuga.<\/p>\n\n\n\n<p>El siniestro ocurri\u00f3\u00a0a las 17:00 horas aproximadamente, en calle 3 de Febrero y Rivadavia, donde por razones que se tratan de establecer, motocicleta marca Mondial, modelo DAX 70 CC. conducida por una joven de 17 a\u00f1os es colisionada por autom\u00f3vil Citro\u00ebn de color negro se da a la fuga del lugar.<\/p>\n\n\n\n<p>Como consecuencia la menor fue trasladada por ambulancia a nosocomio local donde se constato que sufri\u00f3 traumatismo en su cuerpo y rostro, adem\u00e1s del da\u00f1o de tres dientes. rostro.<\/p>\n\n\n\n<figure class=\"wp-block-image size-large\"><img decoding=\"async\" width=\"1024\" height=\"576\" data-attachment-id=\"108856\" data-permalink=\"https:\/\/eldiariodesanpedro.com.ar\/sitio\/una-motociclista-fue-impactada-por-un-auto-que-se-dio-a-la-fuga\/whatsapp-image-2022-07-16-at-4-37-52-pm\/\" data-orig-file=\"https:\/\/eldiariodesanpedro.com.ar\/sitio\/wp-content\/uploads\/2022\/07\/WhatsApp-Image-2022-07-16-at-4.37.52-PM.jpeg\" data-orig-size=\"1120,630\" data-comments-opened=\"0\" data-image-meta=\"{&quot;aperture&quot;:&quot;0&quot;,&quot;credit&quot;:&quot;&quot;,&quot;camera&quot;:&quot;&quot;,&quot;caption&quot;:&quot;&quot;,&quot;created_timestamp&quot;:&quot;0&quot;,&quot;copyright&quot;:&quot;&quot;,&quot;focal_length&quot;:&quot;0&quot;,&quot;iso&quot;:&quot;0&quot;,&quot;shutter_speed&quot;:&quot;0&quot;,&quot;title&quot;:&quot;&quot;,&quot;orientation&quot;:&quot;0&quot;}\" data-image-title=\"WhatsApp Image 2022-07-16 at 4.37.52 PM\" data-image-description=\"\" data-image-caption=\"\" data-large-file=\"https:\/\/eldiariodesanpedro.com.ar\/sitio\/wp-content\/uploads\/2022\/07\/WhatsApp-Image-2022-07-16-at-4.37.52-PM-1024x576.jpeg\" data-src=\"https:\/\/eldiariodesanpedro.com.ar\/sitio\/wp-content\/uploads\/2022\/07\/WhatsApp-Image-2022-07-16-at-4.37.52-PM-1024x576.jpeg\" alt=\"\" class=\"wp-image-108856 lazyload\" data-srcset=\"https:\/\/eldiariodesanpedro.com.ar\/sitio\/wp-content\/uploads\/2022\/07\/WhatsApp-Image-2022-07-16-at-4.37.52-PM-1024x576.jpeg 1024w, https:\/\/eldiariodesanpedro.com.ar\/sitio\/wp-content\/uploads\/2022\/07\/WhatsApp-Image-2022-07-16-at-4.37.52-PM-300x169.jpeg 300w, https:\/\/eldiariodesanpedro.com.ar\/sitio\/wp-content\/uploads\/2022\/07\/WhatsApp-Image-2022-07-16-at-4.37.52-PM-768x432.jpeg 768w, https:\/\/eldiariodesanpedro.com.ar\/sitio\/wp-content\/uploads\/2022\/07\/WhatsApp-Image-2022-07-16-at-4.37.52-PM.jpeg 1120w\" data-sizes=\"(max-width: 1024px) 100vw, 1024px\" src=\"data:image\/svg+xml;base64,PHN2ZyB3aWR0aD0iMSIgaGVpZ2h0PSIxIiB4bWxucz0iaHR0cDovL3d3dy53My5vcmcvMjAwMC9zdmciPjwvc3ZnPg==\" style=\"--smush-placeholder-width: 1024px; --smush-placeholder-aspect-ratio: 1024\/576;\" \/><\/figure>\n\n\n\n<figure class=\"wp-block-image size-full\"><img decoding=\"async\" width=\"473\" height=\"630\" data-attachment-id=\"108892\" data-permalink=\"https:\/\/eldiariodesanpedro.com.ar\/sitio\/buscan-a-automovil-citroen-que-ayer-choco-una-joven-y-se-dio-a-la-fuga\/293822030_560842185627522_1695005962780106043_n\/\" data-orig-file=\"https:\/\/eldiariodesanpedro.com.ar\/sitio\/wp-content\/uploads\/2022\/07\/293822030_560842185627522_1695005962780106043_n.jpg\" data-orig-size=\"473,630\" data-comments-opened=\"0\" data-image-meta=\"{&quot;aperture&quot;:&quot;0&quot;,&quot;credit&quot;:&quot;&quot;,&quot;camera&quot;:&quot;&quot;,&quot;caption&quot;:&quot;&quot;,&quot;created_timestamp&quot;:&quot;0&quot;,&quot;copyright&quot;:&quot;&quot;,&quot;focal_length&quot;:&quot;0&quot;,&quot;iso&quot;:&quot;0&quot;,&quot;shutter_speed&quot;:&quot;0&quot;,&quot;title&quot;:&quot;&quot;,&quot;orientation&quot;:&quot;0&quot;}\" data-image-title=\"293822030_560842185627522_1695005962780106043_n\" data-image-description=\"\" data-image-caption=\"\" data-large-file=\"https:\/\/eldiariodesanpedro.com.ar\/sitio\/wp-content\/uploads\/2022\/07\/293822030_560842185627522_1695005962780106043_n.jpg\" data-src=\"https:\/\/eldiariodesanpedro.com.ar\/sitio\/wp-content\/uploads\/2022\/07\/293822030_560842185627522_1695005962780106043_n.jpg\" alt=\"\" class=\"wp-image-108892 lazyload\" data-srcset=\"https:\/\/eldiariodesanpedro.com.ar\/sitio\/wp-content\/uploads\/2022\/07\/293822030_560842185627522_1695005962780106043_n.jpg 473w, https:\/\/eldiariodesanpedro.com.ar\/sitio\/wp-content\/uploads\/2022\/07\/293822030_560842185627522_1695005962780106043_n-225x300.jpg 225w\" data-sizes=\"(max-width: 473px) 100vw, 473px\" src=\"data:image\/svg+xml;base64,PHN2ZyB3aWR0aD0iMSIgaGVpZ2h0PSIxIiB4bWxucz0iaHR0cDovL3d3dy53My5vcmcvMjAwMC9zdmciPjwvc3ZnPg==\" style=\"--smush-placeholder-width: 473px; --smush-placeholder-aspect-ratio: 473\/630;\" \/><\/figure>\n\n\n\n<figure class=\"wp-block-image size-full\"><img decoding=\"async\" width=\"473\" height=\"630\" data-attachment-id=\"108893\" data-permalink=\"https:\/\/eldiariodesanpedro.com.ar\/sitio\/buscan-a-automovil-citroen-que-ayer-choco-una-joven-y-se-dio-a-la-fuga\/293860007_714360429627932_6849257803561833341_n\/\" data-orig-file=\"https:\/\/eldiariodesanpedro.com.ar\/sitio\/wp-content\/uploads\/2022\/07\/293860007_714360429627932_6849257803561833341_n.jpg\" data-orig-size=\"473,630\" data-comments-opened=\"0\" data-image-meta=\"{&quot;aperture&quot;:&quot;0&quot;,&quot;credit&quot;:&quot;&quot;,&quot;camera&quot;:&quot;&quot;,&quot;caption&quot;:&quot;&quot;,&quot;created_timestamp&quot;:&quot;0&quot;,&quot;copyright&quot;:&quot;&quot;,&quot;focal_length&quot;:&quot;0&quot;,&quot;iso&quot;:&quot;0&quot;,&quot;shutter_speed&quot;:&quot;0&quot;,&quot;title&quot;:&quot;&quot;,&quot;orientation&quot;:&quot;0&quot;}\" data-image-title=\"293860007_714360429627932_6849257803561833341_n\" data-image-description=\"\" data-image-caption=\"\" data-large-file=\"https:\/\/eldiariodesanpedro.com.ar\/sitio\/wp-content\/uploads\/2022\/07\/293860007_714360429627932_6849257803561833341_n.jpg\" data-src=\"https:\/\/eldiariodesanpedro.com.ar\/sitio\/wp-content\/uploads\/2022\/07\/293860007_714360429627932_6849257803561833341_n.jpg\" alt=\"\" class=\"wp-image-108893 lazyload\" data-srcset=\"https:\/\/eldiariodesanpedro.com.ar\/sitio\/wp-content\/uploads\/2022\/07\/293860007_714360429627932_6849257803561833341_n.jpg 473w, https:\/\/eldiariodesanpedro.com.ar\/sitio\/wp-content\/uploads\/2022\/07\/293860007_714360429627932_6849257803561833341_n-225x300.jpg 225w\" data-sizes=\"(max-width: 473px) 100vw, 473px\" src=\"data:image\/svg+xml;base64,PHN2ZyB3aWR0aD0iMSIgaGVpZ2h0PSIxIiB4bWxucz0iaHR0cDovL3d3dy53My5vcmcvMjAwMC9zdmciPjwvc3ZnPg==\" style=\"--smush-placeholder-width: 473px; --smush-placeholder-aspect-ratio: 473\/630;\" \/><\/figure>\n\n\n\n<figure class=\"wp-block-image size-full\"><img decoding=\"async\" width=\"473\" height=\"630\" data-attachment-id=\"108894\" data-permalink=\"https:\/\/eldiariodesanpedro.com.ar\/sitio\/buscan-a-automovil-citroen-que-ayer-choco-una-joven-y-se-dio-a-la-fuga\/294034466_426648992730530_8012946409777545957_n\/\" data-orig-file=\"https:\/\/eldiariodesanpedro.com.ar\/sitio\/wp-content\/uploads\/2022\/07\/294034466_426648992730530_8012946409777545957_n.jpg\" data-orig-size=\"473,630\" data-comments-opened=\"0\" data-image-meta=\"{&quot;aperture&quot;:&quot;0&quot;,&quot;credit&quot;:&quot;&quot;,&quot;camera&quot;:&quot;&quot;,&quot;caption&quot;:&quot;&quot;,&quot;created_timestamp&quot;:&quot;0&quot;,&quot;copyright&quot;:&quot;&quot;,&quot;focal_length&quot;:&quot;0&quot;,&quot;iso&quot;:&quot;0&quot;,&quot;shutter_speed&quot;:&quot;0&quot;,&quot;title&quot;:&quot;&quot;,&quot;orientation&quot;:&quot;0&quot;}\" data-image-title=\"294034466_426648992730530_8012946409777545957_n\" data-image-description=\"\" data-image-caption=\"\" data-large-file=\"https:\/\/eldiariodesanpedro.com.ar\/sitio\/wp-content\/uploads\/2022\/07\/294034466_426648992730530_8012946409777545957_n.jpg\" data-src=\"https:\/\/eldiariodesanpedro.com.ar\/sitio\/wp-content\/uploads\/2022\/07\/294034466_426648992730530_8012946409777545957_n.jpg\" alt=\"\" class=\"wp-image-108894 lazyload\" data-srcset=\"https:\/\/eldiariodesanpedro.com.ar\/sitio\/wp-content\/uploads\/2022\/07\/294034466_426648992730530_8012946409777545957_n.jpg 473w, https:\/\/eldiariodesanpedro.com.ar\/sitio\/wp-content\/uploads\/2022\/07\/294034466_426648992730530_8012946409777545957_n-225x300.jpg 225w\" data-sizes=\"(max-width: 473px) 100vw, 473px\" src=\"data:image\/svg+xml;base64,PHN2ZyB3aWR0aD0iMSIgaGVpZ2h0PSIxIiB4bWxucz0iaHR0cDovL3d3dy53My5vcmcvMjAwMC9zdmciPjwvc3ZnPg==\" style=\"--smush-placeholder-width: 473px; --smush-placeholder-aspect-ratio: 473\/630;\" \/><\/figure>\n","protected":false},"excerpt":{"rendered":"<p>A trav\u00e9s de las redes sociales la joven de 17 a\u00f1os de edad que ayer fue victima de un accidente de transito donde el rodado que la impacto se dio a la fuga. El siniestro ocurri\u00f3\u00a0a las 17:00 horas aproximadamente, en calle 3 de Febrero y Rivadavia, donde por razones que se tratan de establecer, [&hellip;]<\/p>\n","protected":false},"author":4,"featured_media":108891,"comment_status":"closed","ping_status":"closed","sticky":false,"template":"","format":"standard","meta":{"om_disable_all_campaigns":false,"_jetpack_memberships_contains_paid_content":false,"footnotes":""},"categories":[50,2,103],"tags":[197,33,95,19],"class_list":["post-108890","post","type-post","status-publish","format-standard","has-post-thumbnail","hentry","category-destacadas","category-locales","category-policiales-locales","tag-buenos-aires","tag-locales","tag-policiales","tag-san-pedro"],"aioseo_notices":[],"gutentor_comment":0,"jetpack_featured_media_url":"https:\/\/eldiariodesanpedro.com.ar\/sitio\/wp-content\/uploads\/2022\/07\/medida-4.png","jetpack_shortlink":"https:\/\/wp.me\/p6RhLt-ski","jetpack_sharing_enabled":true,"_links":{"self":[{"href":"https:\/\/eldiariodesanpedro.com.ar\/sitio\/wp-json\/wp\/v2\/posts\/108890","targetHints":{"allow":["GET"]}}],"collection":[{"href":"https:\/\/eldiariodesanpedro.com.ar\/sitio\/wp-json\/wp\/v2\/posts"}],"about":[{"href":"https:\/\/eldiariodesanpedro.com.ar\/sitio\/wp-json\/wp\/v2\/types\/post"}],"author":[{"embeddable":true,"href":"https:\/\/eldiariodesanpedro.com.ar\/sitio\/wp-json\/wp\/v2\/users\/4"}],"replies":[{"embeddable":true,"href":"https:\/\/eldiariodesanpedro.com.ar\/sitio\/wp-json\/wp\/v2\/comments?post=108890"}],"version-history":[{"count":1,"href":"https:\/\/eldiariodesanpedro.com.ar\/sitio\/wp-json\/wp\/v2\/posts\/108890\/revisions"}],"predecessor-version":[{"id":108895,"href":"https:\/\/eldiariodesanpedro.com.ar\/sitio\/wp-json\/wp\/v2\/posts\/108890\/revisions\/108895"}],"wp:featuredmedia":[{"embeddable":true,"href":"https:\/\/eldiariodesanpedro.com.ar\/sitio\/wp-json\/wp\/v2\/media\/108891"}],"wp:attachment":[{"href":"https:\/\/eldiariodesanpedro.com.ar\/sitio\/wp-json\/wp\/v2\/media?parent=108890"}],"wp:term":[{"taxonomy":"category","embeddable":true,"href":"https:\/\/eldiariodesanpedro.com.ar\/sitio\/wp-json\/wp\/v2\/categories?post=108890"},{"taxonomy":"post_tag","embeddable":true,"href":"https:\/\/eldiariodesanpedro.com.ar\/sitio\/wp-json\/wp\/v2\/tags?post=108890"}],"curies":[{"name":"wp","href":"https:\/\/api.w.org\/{rel}","templated":true}]}}