{"id":108888,"date":"2022-07-17T14:48:26","date_gmt":"2022-07-17T17:48:26","guid":{"rendered":"https:\/\/eldiariodesanpedro.com.ar\/sitio\/?p=108888"},"modified":"2022-07-17T14:48:27","modified_gmt":"2022-07-17T17:48:27","slug":"se-llevaron-dos-computadoras-y-un-parlante-en-el-robo-a-una-vivienda","status":"publish","type":"post","link":"https:\/\/eldiariodesanpedro.com.ar\/sitio\/se-llevaron-dos-computadoras-y-un-parlante-en-el-robo-a-una-vivienda\/","title":{"rendered":"Se llevaron dos computadoras y un parlante en el robo a una vivienda"},"content":{"rendered":"<!-- VideographyWP Plugin Message: Automatic video embedding prevented by plugin options. -->\n\n<p>Este s\u00e1bado en horas de la tarde noche una vecina de nuestra ciudad constata que autores ignorados ingresaron a robar en una vivienda.<\/p>\n\n\n\n<p>El hecho tuvo lugar&nbsp; en una vivienda de nuestra ciudad donde delincuentes que a\u00fan no fueron reconocidos tras violentar la puerta de acceso principal ingresan y sustraen un parlante de m\u00fasica y dos computadoras port\u00e1tiles.<\/p>\n\n\n\n<p>La fiscal\u00eda de turno investiga el hecho.<\/p>\n","protected":false},"excerpt":{"rendered":"<p>Este s\u00e1bado en horas de la tarde noche una vecina de nuestra ciudad constata que autores ignorados ingresaron a robar en una vivienda. El hecho tuvo lugar&nbsp; en una vivienda de nuestra ciudad donde delincuentes que a\u00fan no fueron reconocidos tras violentar la puerta de acceso principal ingresan y sustraen un parlante de m\u00fasica y [&hellip;]<\/p>\n","protected":false},"author":4,"featured_media":103679,"comment_status":"closed","ping_status":"closed","sticky":false,"template":"","format":"standard","meta":{"om_disable_all_campaigns":false,"_jetpack_memberships_contains_paid_content":false,"footnotes":""},"categories":[2,103],"tags":[197,33,95,19],"class_list":["post-108888","post","type-post","status-publish","format-standard","has-post-thumbnail","hentry","category-locales","category-policiales-locales","tag-buenos-aires","tag-locales","tag-policiales","tag-san-pedro"],"aioseo_notices":[],"gutentor_comment":0,"jetpack_featured_media_url":"https:\/\/eldiariodesanpedro.com.ar\/sitio\/wp-content\/uploads\/2022\/02\/comisaria_san_pedro.jpg","jetpack_shortlink":"https:\/\/wp.me\/p6RhLt-skg","jetpack_sharing_enabled":true,"_links":{"self":[{"href":"https:\/\/eldiariodesanpedro.com.ar\/sitio\/wp-json\/wp\/v2\/posts\/108888","targetHints":{"allow":["GET"]}}],"collection":[{"href":"https:\/\/eldiariodesanpedro.com.ar\/sitio\/wp-json\/wp\/v2\/posts"}],"about":[{"href":"https:\/\/eldiariodesanpedro.com.ar\/sitio\/wp-json\/wp\/v2\/types\/post"}],"author":[{"embeddable":true,"href":"https:\/\/eldiariodesanpedro.com.ar\/sitio\/wp-json\/wp\/v2\/users\/4"}],"replies":[{"embeddable":true,"href":"https:\/\/eldiariodesanpedro.com.ar\/sitio\/wp-json\/wp\/v2\/comments?post=108888"}],"version-history":[{"count":1,"href":"https:\/\/eldiariodesanpedro.com.ar\/sitio\/wp-json\/wp\/v2\/posts\/108888\/revisions"}],"predecessor-version":[{"id":108889,"href":"https:\/\/eldiariodesanpedro.com.ar\/sitio\/wp-json\/wp\/v2\/posts\/108888\/revisions\/108889"}],"wp:featuredmedia":[{"embeddable":true,"href":"https:\/\/eldiariodesanpedro.com.ar\/sitio\/wp-json\/wp\/v2\/media\/103679"}],"wp:attachment":[{"href":"https:\/\/eldiariodesanpedro.com.ar\/sitio\/wp-json\/wp\/v2\/media?parent=108888"}],"wp:term":[{"taxonomy":"category","embeddable":true,"href":"https:\/\/eldiariodesanpedro.com.ar\/sitio\/wp-json\/wp\/v2\/categories?post=108888"},{"taxonomy":"post_tag","embeddable":true,"href":"https:\/\/eldiariodesanpedro.com.ar\/sitio\/wp-json\/wp\/v2\/tags?post=108888"}],"curies":[{"name":"wp","href":"https:\/\/api.w.org\/{rel}","templated":true}]}}