{"id":108885,"date":"2022-07-17T14:31:13","date_gmt":"2022-07-17T17:31:13","guid":{"rendered":"https:\/\/eldiariodesanpedro.com.ar\/sitio\/?p=108885"},"modified":"2022-07-17T14:31:14","modified_gmt":"2022-07-17T17:31:14","slug":"este-sabado-una-joven-femenina-trasladada-al-hospital-tras-accidente-de-transito","status":"publish","type":"post","link":"https:\/\/eldiariodesanpedro.com.ar\/sitio\/este-sabado-una-joven-femenina-trasladada-al-hospital-tras-accidente-de-transito\/","title":{"rendered":"Este sabado una joven femenina trasladada al hospital tras accidente de transito"},"content":{"rendered":"<!-- VideographyWP Plugin Message: Automatic video embedding prevented by plugin options. -->\n\n<p>Este s\u00e1bado alrededor de las 13 horas aproximadamente, el personal policial acude a calle General Pueyrred\u00f3n y Miguel Porta, y por razones que se tratan de establecer colision\u00f3 una motocicleta Corven Energy 110 cc conducida por ciudadana de 19 a\u00f1os llevando de acompa\u00f1ante a femenina de 19 a\u00f1os, con autom\u00f3vil Toyota Etios conducido por femenina de 41 a\u00f1os.&nbsp;<\/p>\n\n\n\n<p>Como resultado del siniestro el acompa\u00f1ante de la motocicleta fue trasladado hacia nosocomio local, presentando lesiones de car\u00e1cter leves.<\/p>\n","protected":false},"excerpt":{"rendered":"<p>Este s\u00e1bado alrededor de las 13 horas aproximadamente, el personal policial acude a calle General Pueyrred\u00f3n y Miguel Porta, y por razones que se tratan de establecer colision\u00f3 una motocicleta Corven Energy 110 cc conducida por ciudadana de 19 a\u00f1os llevando de acompa\u00f1ante a femenina de 19 a\u00f1os, con autom\u00f3vil Toyota Etios conducido por femenina [&hellip;]<\/p>\n","protected":false},"author":4,"featured_media":108886,"comment_status":"closed","ping_status":"closed","sticky":false,"template":"","format":"standard","meta":{"om_disable_all_campaigns":false,"_jetpack_memberships_contains_paid_content":false,"footnotes":""},"categories":[2,103],"tags":[197,33,95,19],"class_list":["post-108885","post","type-post","status-publish","format-standard","has-post-thumbnail","hentry","category-locales","category-policiales-locales","tag-buenos-aires","tag-locales","tag-policiales","tag-san-pedro"],"aioseo_notices":[],"gutentor_comment":0,"jetpack_featured_media_url":"https:\/\/eldiariodesanpedro.com.ar\/sitio\/wp-content\/uploads\/2022\/07\/WhatsApp-Image-2022-07-17-at-11.58.40-AM.jpeg","jetpack_shortlink":"https:\/\/wp.me\/p6RhLt-skd","jetpack_sharing_enabled":true,"_links":{"self":[{"href":"https:\/\/eldiariodesanpedro.com.ar\/sitio\/wp-json\/wp\/v2\/posts\/108885","targetHints":{"allow":["GET"]}}],"collection":[{"href":"https:\/\/eldiariodesanpedro.com.ar\/sitio\/wp-json\/wp\/v2\/posts"}],"about":[{"href":"https:\/\/eldiariodesanpedro.com.ar\/sitio\/wp-json\/wp\/v2\/types\/post"}],"author":[{"embeddable":true,"href":"https:\/\/eldiariodesanpedro.com.ar\/sitio\/wp-json\/wp\/v2\/users\/4"}],"replies":[{"embeddable":true,"href":"https:\/\/eldiariodesanpedro.com.ar\/sitio\/wp-json\/wp\/v2\/comments?post=108885"}],"version-history":[{"count":1,"href":"https:\/\/eldiariodesanpedro.com.ar\/sitio\/wp-json\/wp\/v2\/posts\/108885\/revisions"}],"predecessor-version":[{"id":108887,"href":"https:\/\/eldiariodesanpedro.com.ar\/sitio\/wp-json\/wp\/v2\/posts\/108885\/revisions\/108887"}],"wp:featuredmedia":[{"embeddable":true,"href":"https:\/\/eldiariodesanpedro.com.ar\/sitio\/wp-json\/wp\/v2\/media\/108886"}],"wp:attachment":[{"href":"https:\/\/eldiariodesanpedro.com.ar\/sitio\/wp-json\/wp\/v2\/media?parent=108885"}],"wp:term":[{"taxonomy":"category","embeddable":true,"href":"https:\/\/eldiariodesanpedro.com.ar\/sitio\/wp-json\/wp\/v2\/categories?post=108885"},{"taxonomy":"post_tag","embeddable":true,"href":"https:\/\/eldiariodesanpedro.com.ar\/sitio\/wp-json\/wp\/v2\/tags?post=108885"}],"curies":[{"name":"wp","href":"https:\/\/api.w.org\/{rel}","templated":true}]}}