{"id":108882,"date":"2022-07-17T14:17:14","date_gmt":"2022-07-17T17:17:14","guid":{"rendered":"https:\/\/eldiariodesanpedro.com.ar\/sitio\/?p=108882"},"modified":"2022-07-17T14:17:14","modified_gmt":"2022-07-17T17:17:14","slug":"un-nino-resulto-herido-en-un-accidente-de-transito-este-domingo","status":"publish","type":"post","link":"https:\/\/eldiariodesanpedro.com.ar\/sitio\/un-nino-resulto-herido-en-un-accidente-de-transito-este-domingo\/","title":{"rendered":"Un ni\u00f1o resulto herido en un accidente de transito este domingo"},"content":{"rendered":"<!-- VideographyWP Plugin Message: Automatic video embedding prevented by plugin options. -->\n\n<p>Pasado este mediod\u00eda de domingo ocurri\u00f3 un accidente de tr\u00e1nsito entre una motocicleta 110 cc y un autom\u00f3vil donde un ni\u00f1o y su madre resultaron heridos con traumatismo de cr\u00e1neo.&nbsp;<\/p>\n\n\n\n<p>El siniestro tuvo lugar en calle Caseros y Depietri pasadas las 13:30 hs donde una mujer de alrededor de 35 a\u00f1os junto a un ni\u00f1o de alrededor de 10 que circulaban en una motocicleta 110 cc impactan en el lateral a un autom\u00f3vil Peugeot color gris conducido por un ciudadano mayor de edad.<\/p>\n\n\n\n<p>El ni\u00f1o y la mujer fueron trasladados por el SAME al nosocomio local donde se realizar\u00e1n los estudios necesarios.<\/p>\n","protected":false},"excerpt":{"rendered":"<p>Pasado este mediod\u00eda de domingo ocurri\u00f3 un accidente de tr\u00e1nsito entre una motocicleta 110 cc y un autom\u00f3vil donde un ni\u00f1o y su madre resultaron heridos con traumatismo de cr\u00e1neo.&nbsp; El siniestro tuvo lugar en calle Caseros y Depietri pasadas las 13:30 hs donde una mujer de alrededor de 35 a\u00f1os junto a un ni\u00f1o [&hellip;]<\/p>\n","protected":false},"author":4,"featured_media":108883,"comment_status":"closed","ping_status":"closed","sticky":false,"template":"","format":"standard","meta":{"om_disable_all_campaigns":false,"_jetpack_memberships_contains_paid_content":false,"footnotes":""},"categories":[2,103],"tags":[197,33,95,19],"class_list":["post-108882","post","type-post","status-publish","format-standard","has-post-thumbnail","hentry","category-locales","category-policiales-locales","tag-buenos-aires","tag-locales","tag-policiales","tag-san-pedro"],"aioseo_notices":[],"gutentor_comment":0,"jetpack_featured_media_url":"https:\/\/eldiariodesanpedro.com.ar\/sitio\/wp-content\/uploads\/2022\/07\/WhatsApp-Image-2022-07-17-at-2.02.28-PM.jpeg","jetpack_shortlink":"https:\/\/wp.me\/p6RhLt-ska","jetpack_sharing_enabled":true,"_links":{"self":[{"href":"https:\/\/eldiariodesanpedro.com.ar\/sitio\/wp-json\/wp\/v2\/posts\/108882","targetHints":{"allow":["GET"]}}],"collection":[{"href":"https:\/\/eldiariodesanpedro.com.ar\/sitio\/wp-json\/wp\/v2\/posts"}],"about":[{"href":"https:\/\/eldiariodesanpedro.com.ar\/sitio\/wp-json\/wp\/v2\/types\/post"}],"author":[{"embeddable":true,"href":"https:\/\/eldiariodesanpedro.com.ar\/sitio\/wp-json\/wp\/v2\/users\/4"}],"replies":[{"embeddable":true,"href":"https:\/\/eldiariodesanpedro.com.ar\/sitio\/wp-json\/wp\/v2\/comments?post=108882"}],"version-history":[{"count":1,"href":"https:\/\/eldiariodesanpedro.com.ar\/sitio\/wp-json\/wp\/v2\/posts\/108882\/revisions"}],"predecessor-version":[{"id":108884,"href":"https:\/\/eldiariodesanpedro.com.ar\/sitio\/wp-json\/wp\/v2\/posts\/108882\/revisions\/108884"}],"wp:featuredmedia":[{"embeddable":true,"href":"https:\/\/eldiariodesanpedro.com.ar\/sitio\/wp-json\/wp\/v2\/media\/108883"}],"wp:attachment":[{"href":"https:\/\/eldiariodesanpedro.com.ar\/sitio\/wp-json\/wp\/v2\/media?parent=108882"}],"wp:term":[{"taxonomy":"category","embeddable":true,"href":"https:\/\/eldiariodesanpedro.com.ar\/sitio\/wp-json\/wp\/v2\/categories?post=108882"},{"taxonomy":"post_tag","embeddable":true,"href":"https:\/\/eldiariodesanpedro.com.ar\/sitio\/wp-json\/wp\/v2\/tags?post=108882"}],"curies":[{"name":"wp","href":"https:\/\/api.w.org\/{rel}","templated":true}]}}