{"id":108879,"date":"2022-07-17T13:42:06","date_gmt":"2022-07-17T16:42:06","guid":{"rendered":"https:\/\/eldiariodesanpedro.com.ar\/sitio\/?p=108879"},"modified":"2022-07-17T13:42:07","modified_gmt":"2022-07-17T16:42:07","slug":"en-rapido-accionar-la-policia-recupero-una-motocicleta-robada","status":"publish","type":"post","link":"https:\/\/eldiariodesanpedro.com.ar\/sitio\/en-rapido-accionar-la-policia-recupero-una-motocicleta-robada\/","title":{"rendered":"En r\u00e1pido accionar la polic\u00eda recupero una motocicleta robada"},"content":{"rendered":"<!-- VideographyWP Plugin Message: Automatic video embedding prevented by plugin options. -->\n\n<p>En la jornada de ayer la polic\u00eda en un r\u00e1pido accionar recuper\u00f3 una motocicleta que hab\u00eda sido robada instantes previos.<\/p>\n\n\n\n<p>El hecho tuvo lugar este s\u00e1bado en horas de la tarde en calle mateo Sbert al 1200 donde la polic\u00eda secuestr\u00f3 una motocicleta marca Motomel 110 cc que hab\u00eda sido sustra\u00edda a un joven de 22 a\u00f1os momentos antes en calle Davila al 1900.<\/p>\n\n\n\n<p>El delincuente un joven de 24 a\u00f1os de edad una vez descartado el rodado se da a la fuga a pie siendo interceptado por los uniformados.<\/p>\n\n\n\n<p>La causa es caratulada como tentativa de hurto por lo que el delincuente r\u00e1pidamente recuper\u00f3 su libertad.<\/p>\n","protected":false},"excerpt":{"rendered":"<p>En la jornada de ayer la polic\u00eda en un r\u00e1pido accionar recuper\u00f3 una motocicleta que hab\u00eda sido robada instantes previos. El hecho tuvo lugar este s\u00e1bado en horas de la tarde en calle mateo Sbert al 1200 donde la polic\u00eda secuestr\u00f3 una motocicleta marca Motomel 110 cc que hab\u00eda sido sustra\u00edda a un joven de [&hellip;]<\/p>\n","protected":false},"author":4,"featured_media":108880,"comment_status":"closed","ping_status":"closed","sticky":false,"template":"","format":"standard","meta":{"om_disable_all_campaigns":false,"_jetpack_memberships_contains_paid_content":false,"footnotes":""},"categories":[2,103],"tags":[197,33,95,19],"class_list":["post-108879","post","type-post","status-publish","format-standard","has-post-thumbnail","hentry","category-locales","category-policiales-locales","tag-buenos-aires","tag-locales","tag-policiales","tag-san-pedro"],"aioseo_notices":[],"gutentor_comment":0,"jetpack_featured_media_url":"https:\/\/eldiariodesanpedro.com.ar\/sitio\/wp-content\/uploads\/2022\/07\/medida-3.png","jetpack_shortlink":"https:\/\/wp.me\/p6RhLt-sk7","jetpack_sharing_enabled":true,"_links":{"self":[{"href":"https:\/\/eldiariodesanpedro.com.ar\/sitio\/wp-json\/wp\/v2\/posts\/108879","targetHints":{"allow":["GET"]}}],"collection":[{"href":"https:\/\/eldiariodesanpedro.com.ar\/sitio\/wp-json\/wp\/v2\/posts"}],"about":[{"href":"https:\/\/eldiariodesanpedro.com.ar\/sitio\/wp-json\/wp\/v2\/types\/post"}],"author":[{"embeddable":true,"href":"https:\/\/eldiariodesanpedro.com.ar\/sitio\/wp-json\/wp\/v2\/users\/4"}],"replies":[{"embeddable":true,"href":"https:\/\/eldiariodesanpedro.com.ar\/sitio\/wp-json\/wp\/v2\/comments?post=108879"}],"version-history":[{"count":1,"href":"https:\/\/eldiariodesanpedro.com.ar\/sitio\/wp-json\/wp\/v2\/posts\/108879\/revisions"}],"predecessor-version":[{"id":108881,"href":"https:\/\/eldiariodesanpedro.com.ar\/sitio\/wp-json\/wp\/v2\/posts\/108879\/revisions\/108881"}],"wp:featuredmedia":[{"embeddable":true,"href":"https:\/\/eldiariodesanpedro.com.ar\/sitio\/wp-json\/wp\/v2\/media\/108880"}],"wp:attachment":[{"href":"https:\/\/eldiariodesanpedro.com.ar\/sitio\/wp-json\/wp\/v2\/media?parent=108879"}],"wp:term":[{"taxonomy":"category","embeddable":true,"href":"https:\/\/eldiariodesanpedro.com.ar\/sitio\/wp-json\/wp\/v2\/categories?post=108879"},{"taxonomy":"post_tag","embeddable":true,"href":"https:\/\/eldiariodesanpedro.com.ar\/sitio\/wp-json\/wp\/v2\/tags?post=108879"}],"curies":[{"name":"wp","href":"https:\/\/api.w.org\/{rel}","templated":true}]}}