{"id":108866,"date":"2022-07-16T19:27:30","date_gmt":"2022-07-16T22:27:30","guid":{"rendered":"https:\/\/eldiariodesanpedro.com.ar\/sitio\/?p=108866"},"modified":"2022-07-16T19:27:31","modified_gmt":"2022-07-16T22:27:31","slug":"suspendida-la-feria-de-julio-de-frutos-de-la-tierra-y-el-rio","status":"publish","type":"post","link":"https:\/\/eldiariodesanpedro.com.ar\/sitio\/suspendida-la-feria-de-julio-de-frutos-de-la-tierra-y-el-rio\/","title":{"rendered":"Suspendida la feria de julio de Frutos de la tierra y el r\u00edo"},"content":{"rendered":"<!-- VideographyWP Plugin Message: Automatic video embedding prevented by plugin options. -->\n\n<p>Nuevamente la inestabilidad clim\u00e1tica hace que se suspenda la feria, aunque en este caso no queda reprogramada. Oportunamente la Asociaci\u00f3n Civil Frutos de la tierra y el r\u00edo informar\u00e1 si se concreta evento el pr\u00f3ximo mes, o tal como est\u00e1 programado se hace en septiembre en la fecha prevista.<\/p>\n\n\n\n<p>Tras el an\u00e1lisis de la informaci\u00f3n meteorol\u00f3gica, nuevamente la Comisi\u00f3n Directiva defini\u00f3 la suspensi\u00f3n. \u00abDebido a las condiciones desfavorables del pron\u00f3stico se suspende. La pr\u00f3xima semana es la Fiesta de la naranja y todo estar\u00e1 concentrado ah\u00ed\u00bb, explic\u00f3 Gabriel Balustro, Presidente.<\/p>\n\n\n\n<p>La Feria est\u00e1 autorizada por ordenanza 6322\/18. La Asociaci\u00f3n Civil Frutos de la tierra y el r\u00edo. Matr\u00edcula N\u00b045129, Resoluci\u00f3n DPPJ 7109, Inscripci\u00f3n 04\/09\/2018.<\/p>\n","protected":false},"excerpt":{"rendered":"<p>Nuevamente la inestabilidad clim\u00e1tica hace que se suspenda la feria, aunque en este caso no queda reprogramada. Oportunamente la Asociaci\u00f3n Civil Frutos de la tierra y el r\u00edo informar\u00e1 si se concreta evento el pr\u00f3ximo mes, o tal como est\u00e1 programado se hace en septiembre en la fecha prevista. Tras el an\u00e1lisis de la informaci\u00f3n [&hellip;]<\/p>\n","protected":false},"author":4,"featured_media":20842,"comment_status":"closed","ping_status":"closed","sticky":false,"template":"","format":"standard","meta":{"om_disable_all_campaigns":false,"_jetpack_memberships_contains_paid_content":false,"footnotes":""},"categories":[50,101,2],"tags":[197,696,33,19],"class_list":["post-108866","post","type-post","status-publish","format-standard","has-post-thumbnail","hentry","category-destacadas","category-interes-general-locales","category-locales","tag-buenos-aires","tag-interes-general","tag-locales","tag-san-pedro"],"aioseo_notices":[],"gutentor_comment":0,"jetpack_featured_media_url":"https:\/\/eldiariodesanpedro.com.ar\/sitio\/wp-content\/uploads\/2017\/07\/frutos-de-la-tierra-y-el-rio.jpg","jetpack_shortlink":"https:\/\/wp.me\/p6RhLt-sjU","jetpack_sharing_enabled":true,"_links":{"self":[{"href":"https:\/\/eldiariodesanpedro.com.ar\/sitio\/wp-json\/wp\/v2\/posts\/108866","targetHints":{"allow":["GET"]}}],"collection":[{"href":"https:\/\/eldiariodesanpedro.com.ar\/sitio\/wp-json\/wp\/v2\/posts"}],"about":[{"href":"https:\/\/eldiariodesanpedro.com.ar\/sitio\/wp-json\/wp\/v2\/types\/post"}],"author":[{"embeddable":true,"href":"https:\/\/eldiariodesanpedro.com.ar\/sitio\/wp-json\/wp\/v2\/users\/4"}],"replies":[{"embeddable":true,"href":"https:\/\/eldiariodesanpedro.com.ar\/sitio\/wp-json\/wp\/v2\/comments?post=108866"}],"version-history":[{"count":1,"href":"https:\/\/eldiariodesanpedro.com.ar\/sitio\/wp-json\/wp\/v2\/posts\/108866\/revisions"}],"predecessor-version":[{"id":108867,"href":"https:\/\/eldiariodesanpedro.com.ar\/sitio\/wp-json\/wp\/v2\/posts\/108866\/revisions\/108867"}],"wp:featuredmedia":[{"embeddable":true,"href":"https:\/\/eldiariodesanpedro.com.ar\/sitio\/wp-json\/wp\/v2\/media\/20842"}],"wp:attachment":[{"href":"https:\/\/eldiariodesanpedro.com.ar\/sitio\/wp-json\/wp\/v2\/media?parent=108866"}],"wp:term":[{"taxonomy":"category","embeddable":true,"href":"https:\/\/eldiariodesanpedro.com.ar\/sitio\/wp-json\/wp\/v2\/categories?post=108866"},{"taxonomy":"post_tag","embeddable":true,"href":"https:\/\/eldiariodesanpedro.com.ar\/sitio\/wp-json\/wp\/v2\/tags?post=108866"}],"curies":[{"name":"wp","href":"https:\/\/api.w.org\/{rel}","templated":true}]}}