{"id":108803,"date":"2022-07-12T20:51:35","date_gmt":"2022-07-12T23:51:35","guid":{"rendered":"https:\/\/eldiariodesanpedro.com.ar\/sitio\/?p=108803"},"modified":"2022-07-12T20:51:36","modified_gmt":"2022-07-12T23:51:36","slug":"robo-en-una-casa-de-venta-de-materiales-de-construccion-se-llevaron-una-importante-suma-de-dinero","status":"publish","type":"post","link":"https:\/\/eldiariodesanpedro.com.ar\/sitio\/robo-en-una-casa-de-venta-de-materiales-de-construccion-se-llevaron-una-importante-suma-de-dinero\/","title":{"rendered":"Robo en una casa de venta de materiales de construcci\u00f3n, se llevaron una importante suma de dinero"},"content":{"rendered":"<!-- VideographyWP Plugin Message: Automatic video embedding prevented by plugin options. -->\n\n<p>En el d\u00eda de ayer denunci\u00f3 un masculino de 32 a\u00f1os, propietario de comercio ubicado en calle Mitre al 2600 , que a las 07:30 hs constata que autores ignorados ingresan a oficina previo da\u00f1ar ventana, sustrayendo del interior dinero en efectivo&nbsp; y cheques de alta denominaci\u00f3n.&nbsp;<\/p>\n\n\n\n<p>La \u00faltima vez que estuvo en el local fue el viernes pasado.&nbsp;<\/p>\n\n\n\n<p>No quedando nadie en el lugar, el comercio pose\u00eda alarmas que no estaban en funcionamiento, adem\u00e1s los delincuentes se llevaron el DVR que maneja el sistema de c\u00e1maras. <\/p>\n\n\n\n<p>Se investiga Interviene UFI 05.-<\/p>\n","protected":false},"excerpt":{"rendered":"<p>En el d\u00eda de ayer denunci\u00f3 un masculino de 32 a\u00f1os, propietario de comercio ubicado en calle Mitre al 2600 , que a las 07:30 hs constata que autores ignorados ingresan a oficina previo da\u00f1ar ventana, sustrayendo del interior dinero en efectivo&nbsp; y cheques de alta denominaci\u00f3n.&nbsp; La \u00faltima vez que estuvo en el local [&hellip;]<\/p>\n","protected":false},"author":4,"featured_media":108804,"comment_status":"closed","ping_status":"closed","sticky":false,"template":"","format":"standard","meta":{"om_disable_all_campaigns":false,"_jetpack_memberships_contains_paid_content":false,"footnotes":""},"categories":[50,2,103],"tags":[197,696,95,19],"class_list":["post-108803","post","type-post","status-publish","format-standard","has-post-thumbnail","hentry","category-destacadas","category-locales","category-policiales-locales","tag-buenos-aires","tag-interes-general","tag-policiales","tag-san-pedro"],"aioseo_notices":[],"gutentor_comment":0,"jetpack_featured_media_url":"https:\/\/eldiariodesanpedro.com.ar\/sitio\/wp-content\/uploads\/2022\/07\/WhatsApp-Image-2022-07-11-at-10.05.46-AM.jpeg","jetpack_shortlink":"https:\/\/wp.me\/p6RhLt-siT","jetpack_sharing_enabled":true,"_links":{"self":[{"href":"https:\/\/eldiariodesanpedro.com.ar\/sitio\/wp-json\/wp\/v2\/posts\/108803","targetHints":{"allow":["GET"]}}],"collection":[{"href":"https:\/\/eldiariodesanpedro.com.ar\/sitio\/wp-json\/wp\/v2\/posts"}],"about":[{"href":"https:\/\/eldiariodesanpedro.com.ar\/sitio\/wp-json\/wp\/v2\/types\/post"}],"author":[{"embeddable":true,"href":"https:\/\/eldiariodesanpedro.com.ar\/sitio\/wp-json\/wp\/v2\/users\/4"}],"replies":[{"embeddable":true,"href":"https:\/\/eldiariodesanpedro.com.ar\/sitio\/wp-json\/wp\/v2\/comments?post=108803"}],"version-history":[{"count":1,"href":"https:\/\/eldiariodesanpedro.com.ar\/sitio\/wp-json\/wp\/v2\/posts\/108803\/revisions"}],"predecessor-version":[{"id":108805,"href":"https:\/\/eldiariodesanpedro.com.ar\/sitio\/wp-json\/wp\/v2\/posts\/108803\/revisions\/108805"}],"wp:featuredmedia":[{"embeddable":true,"href":"https:\/\/eldiariodesanpedro.com.ar\/sitio\/wp-json\/wp\/v2\/media\/108804"}],"wp:attachment":[{"href":"https:\/\/eldiariodesanpedro.com.ar\/sitio\/wp-json\/wp\/v2\/media?parent=108803"}],"wp:term":[{"taxonomy":"category","embeddable":true,"href":"https:\/\/eldiariodesanpedro.com.ar\/sitio\/wp-json\/wp\/v2\/categories?post=108803"},{"taxonomy":"post_tag","embeddable":true,"href":"https:\/\/eldiariodesanpedro.com.ar\/sitio\/wp-json\/wp\/v2\/tags?post=108803"}],"curies":[{"name":"wp","href":"https:\/\/api.w.org\/{rel}","templated":true}]}}