{"id":108800,"date":"2022-07-12T20:13:11","date_gmt":"2022-07-12T23:13:11","guid":{"rendered":"https:\/\/eldiariodesanpedro.com.ar\/sitio\/?p=108800"},"modified":"2022-07-12T20:13:13","modified_gmt":"2022-07-12T23:13:13","slug":"un-mujer-fallecio-en-incendio-durante-la-madrugada","status":"publish","type":"post","link":"https:\/\/eldiariodesanpedro.com.ar\/sitio\/un-mujer-fallecio-en-incendio-durante-la-madrugada\/","title":{"rendered":"Un mujer falleci\u00f3 en incendio durante la madrugada"},"content":{"rendered":"<!-- VideographyWP Plugin Message: Automatic video embedding prevented by plugin options. -->\n\n<p>En el d\u00eda de hoy pasadas las 04 hs horas el personal policial acude ha llamado en calle La Laguna 600 donde se produce un incendio accidental en un departamento.<\/p>\n\n\n\n<p>Consecuencia fallece una moradora una mujer 77 a\u00f1os la cual viv\u00eda sola, y seg\u00fan testimonios padec\u00eda escasa motricidad por problemas de salud.<\/p>\n\n\n\n<p>El incendio fue sofocado por bomberos voluntarios de nuestra ciudad donde tambi\u00e9n se realizaron pericias de rigor por parte de la Polic\u00eda Cient\u00edfica.<\/p>\n\n\n\n<p><\/p>\n","protected":false},"excerpt":{"rendered":"<p>En el d\u00eda de hoy pasadas las 04 hs horas el personal policial acude ha llamado en calle La Laguna 600 donde se produce un incendio accidental en un departamento. Consecuencia fallece una moradora una mujer 77 a\u00f1os la cual viv\u00eda sola, y seg\u00fan testimonios padec\u00eda escasa motricidad por problemas de salud. El incendio fue [&hellip;]<\/p>\n","protected":false},"author":4,"featured_media":108801,"comment_status":"closed","ping_status":"closed","sticky":false,"template":"","format":"standard","meta":{"om_disable_all_campaigns":false,"_jetpack_memberships_contains_paid_content":false,"footnotes":""},"categories":[50,2,103],"tags":[197,696,33,19],"class_list":["post-108800","post","type-post","status-publish","format-standard","has-post-thumbnail","hentry","category-destacadas","category-locales","category-policiales-locales","tag-buenos-aires","tag-interes-general","tag-locales","tag-san-pedro"],"aioseo_notices":[],"gutentor_comment":0,"jetpack_featured_media_url":"https:\/\/eldiariodesanpedro.com.ar\/sitio\/wp-content\/uploads\/2022\/07\/medida-2.png","jetpack_shortlink":"https:\/\/wp.me\/p6RhLt-siQ","jetpack_sharing_enabled":true,"_links":{"self":[{"href":"https:\/\/eldiariodesanpedro.com.ar\/sitio\/wp-json\/wp\/v2\/posts\/108800","targetHints":{"allow":["GET"]}}],"collection":[{"href":"https:\/\/eldiariodesanpedro.com.ar\/sitio\/wp-json\/wp\/v2\/posts"}],"about":[{"href":"https:\/\/eldiariodesanpedro.com.ar\/sitio\/wp-json\/wp\/v2\/types\/post"}],"author":[{"embeddable":true,"href":"https:\/\/eldiariodesanpedro.com.ar\/sitio\/wp-json\/wp\/v2\/users\/4"}],"replies":[{"embeddable":true,"href":"https:\/\/eldiariodesanpedro.com.ar\/sitio\/wp-json\/wp\/v2\/comments?post=108800"}],"version-history":[{"count":1,"href":"https:\/\/eldiariodesanpedro.com.ar\/sitio\/wp-json\/wp\/v2\/posts\/108800\/revisions"}],"predecessor-version":[{"id":108802,"href":"https:\/\/eldiariodesanpedro.com.ar\/sitio\/wp-json\/wp\/v2\/posts\/108800\/revisions\/108802"}],"wp:featuredmedia":[{"embeddable":true,"href":"https:\/\/eldiariodesanpedro.com.ar\/sitio\/wp-json\/wp\/v2\/media\/108801"}],"wp:attachment":[{"href":"https:\/\/eldiariodesanpedro.com.ar\/sitio\/wp-json\/wp\/v2\/media?parent=108800"}],"wp:term":[{"taxonomy":"category","embeddable":true,"href":"https:\/\/eldiariodesanpedro.com.ar\/sitio\/wp-json\/wp\/v2\/categories?post=108800"},{"taxonomy":"post_tag","embeddable":true,"href":"https:\/\/eldiariodesanpedro.com.ar\/sitio\/wp-json\/wp\/v2\/tags?post=108800"}],"curies":[{"name":"wp","href":"https:\/\/api.w.org\/{rel}","templated":true}]}}