{"id":108791,"date":"2022-07-12T18:14:41","date_gmt":"2022-07-12T21:14:41","guid":{"rendered":"https:\/\/eldiariodesanpedro.com.ar\/sitio\/?p=108791"},"modified":"2022-07-12T18:14:42","modified_gmt":"2022-07-12T21:14:42","slug":"actividad-del-teatro-municipal-siripo-en-las-vacaciones-de-invierno","status":"publish","type":"post","link":"https:\/\/eldiariodesanpedro.com.ar\/sitio\/actividad-del-teatro-municipal-siripo-en-las-vacaciones-de-invierno\/","title":{"rendered":"Actividad del Teatro Municipal Siripo en las vacaciones de invierno"},"content":{"rendered":"<!-- VideographyWP Plugin Message: Automatic video embedding prevented by plugin options. -->\n\n<p>La Secretar\u00eda de Turismo y Cultura informa las actividades que se realizar\u00e1n en el Teatro Municipal Siripo durante el periodo de vacaciones de invierno, desde el 19 al 31 de julio, en el que se proyectar\u00e1n pel\u00edculas con entrada gratuita y la compa\u00f1\u00eda el Vacil\u00f3n presentar\u00e1 el espect\u00e1culo de Clown \u201cLas Andanzas del Capit\u00e1n\u201d.<\/p>\n\n\n\n<p>Las entradas para \u201cLas Andanzas del Capit\u00e1n\u201d tienen un costo de $500 y se podr\u00e1n adquirir al tel\u00e9fono 03329-15573456 o el d\u00eda de la funci\u00f3n y las entradas para el cine se podr\u00e1n retirar por la boletar\u00eda del teatro desde las 15 hs. en el d\u00eda de la proyecci\u00f3n.<\/p>\n\n\n\n<p>Cartelera del Teatro Municipal Siripo:<\/p>\n\n\n\n<p>Martes 19 de julio:<br>15 hs. &#8211; Las Andanzas del Capit\u00e1n (Compa\u00f1\u00eda el Vacil\u00f3n \u2013 Espect\u00e1culo de Clown).<br>17 hs. &#8211; Las Andanzas del Capit\u00e1n (Compa\u00f1\u00eda el Vacil\u00f3n \u2013 Espect\u00e1culo de Clown).<\/p>\n\n\n\n<p>Mi\u00e9rcoles 20 de julio:<br>15 hs &#8211; Las Andanzas del Capit\u00e1n (Compa\u00f1\u00eda el Vacil\u00f3n \u2013 Espect\u00e1culo de Clown).<br>17 hs. &#8211; Las Andanzas del Capit\u00e1n (Compa\u00f1\u00eda el Vacil\u00f3n \u2013 Espect\u00e1culo de Clown).<\/p>\n\n\n\n<p>Jueves 21 de julio:<br>15 hs. &#8211; Las Andanzas del Capit\u00e1n (Compa\u00f1\u00eda el Vacil\u00f3n \u2013 Espect\u00e1culo de Clown).<br>17 hs. &#8211; Las Andanzas del Capit\u00e1n (Compa\u00f1\u00eda el Vacil\u00f3n \u2013 Espect\u00e1culo de Clown).<\/p>\n\n\n\n<p>Viernes 22 de julio:<br>15.30 hs. \u2013 RED (Una joven de trece a\u00f1os que se debate constantemente entre ser obediente y el caos de la adolescencia. Y, por si esta etapa no fuese complicada de por s\u00ed, cada vez que se entusiasma demasiado se convierte en un panda rojo gigante).<\/p>\n\n\n\n<p>S\u00e1bado 23 de Julio:<br>15.30 hs. &#8211; El Drag\u00f3n de la Tetera (Un estudiante universitario de clase trabajadora con grandes sue\u00f1os y pocos medios con un drag\u00f3n c\u00ednico y todopoderoso capaz de conceder deseos, se embarcan en una divertida historia a trav\u00e9s de la moderna Shangai).<\/p>\n\n\n\n<p>Domingo 24 de julio:<br>15.30 hs. \u2013 Ron da Error (Un alumno de secundaria con pocos amigos, recibe un dispositivo conectado digitalmente, pero con fallos en su funcionamiento, que se supone que ha de ser su \u201cmejor amigo listo para funcionar\u201d).<\/p>\n\n\n\n<p>Lunes 25 de julio:<br>15 hs. &#8211; Las Andanzas del Capit\u00e1n (Compa\u00f1\u00eda el Vacil\u00f3n \u2013 Espect\u00e1culo de Clown).<br>17 hs. &#8211; Las Andanzas del Capit\u00e1n (Compa\u00f1\u00eda el Vacil\u00f3n \u2013 Espect\u00e1culo de Clown).<\/p>\n\n\n\n<p>Martes 26 de julio:<br>15 hs. &#8211; Las Andanzas del Capit\u00e1n (Compa\u00f1\u00eda el Vacil\u00f3n \u2013 Espect\u00e1culo de Clown).<br>17 hs. &#8211; Las Andanzas del Capit\u00e1n (Compa\u00f1\u00eda el Vacil\u00f3n \u2013 Espect\u00e1culo de Clown).<\/p>\n\n\n\n<p>Mi\u00e9rcoles 27 de julio:<br>15.30 hs. Las aventuras del Capit\u00e1n Calzoncillo (Jorge y Berto son super buenos amigos y pasan sus d\u00edas creando c\u00f3mics y so\u00f1ando con bromas. Un d\u00eda, hipnotizan accidentalmente al director de su escuela y lo convierten en su h\u00e9roe de c\u00f3mic: Capit\u00e1n Calzoncillos).<\/p>\n\n\n\n<p>Jueves 28 de julio:<br>15.30 hs. \u2013 Jumanji (Alan Parris queda atrapado durante 25 a\u00f1os en un juego de mesa m\u00e1gico y muy antiguo llamado Jumanji. Cuando, por fin, es liberado por dos ni\u00f1os, una manada de animales ex\u00f3ticos queda tambi\u00e9n en libertad).<\/p>\n\n\n\n<p>Viernes 29 de julio:<br>15.30 hs. \u2013 Sr. Link (Sir Lionel Frost se considera a s\u00ed mismo el mayor investigador de mitos, monstruos y leyendas. Sin embargo, no todos coinciden con sus teor\u00edas y por eso se propone demostrar la existencia de la criatura m\u00e1s legendaria del mundo).<\/p>\n\n\n\n<p>S\u00e1bado 30 de julio:<br>15.30 hs. &#8211; Los Willoughbys (Los hermanos Willoughby est\u00e1n convencidos de que sin sus padres les ir\u00eda mucho mejor. Cuando consiguen mandarlos de vacaciones, los cuatro ni\u00f1os se embarcan en una aventura en busca del verdadero significado de la familia).<\/p>\n\n\n\n<p>Domingo 31 de julio:<br>15.30 hs. \u2013 Luca (Un ni\u00f1o que comparte aventuras de vacaciones con su nuevo mejor amigo, pero toda la diversi\u00f3n se ve amenazada por un gran secreto: es un monstruo marino de otro mundo ubicado justo debajo de la superficie del agua).<\/p>\n\n\n\n<figure class=\"wp-block-image size-full\"><img decoding=\"async\" width=\"630\" height=\"630\" data-attachment-id=\"108792\" data-permalink=\"https:\/\/eldiariodesanpedro.com.ar\/sitio\/actividad-del-teatro-municipal-siripo-en-las-vacaciones-de-invierno\/whatsapp-image-2022-07-12-at-1-37-39-pm\/\" data-orig-file=\"https:\/\/eldiariodesanpedro.com.ar\/sitio\/wp-content\/uploads\/2022\/07\/WhatsApp-Image-2022-07-12-at-1.37.39-PM.jpeg\" data-orig-size=\"630,630\" data-comments-opened=\"0\" data-image-meta=\"{&quot;aperture&quot;:&quot;0&quot;,&quot;credit&quot;:&quot;&quot;,&quot;camera&quot;:&quot;&quot;,&quot;caption&quot;:&quot;&quot;,&quot;created_timestamp&quot;:&quot;0&quot;,&quot;copyright&quot;:&quot;&quot;,&quot;focal_length&quot;:&quot;0&quot;,&quot;iso&quot;:&quot;0&quot;,&quot;shutter_speed&quot;:&quot;0&quot;,&quot;title&quot;:&quot;&quot;,&quot;orientation&quot;:&quot;0&quot;}\" data-image-title=\"WhatsApp-Image-2022-07-12-at-1.37.39-PM\" data-image-description=\"\" data-image-caption=\"\" data-large-file=\"https:\/\/eldiariodesanpedro.com.ar\/sitio\/wp-content\/uploads\/2022\/07\/WhatsApp-Image-2022-07-12-at-1.37.39-PM.jpeg\" data-src=\"https:\/\/eldiariodesanpedro.com.ar\/sitio\/wp-content\/uploads\/2022\/07\/WhatsApp-Image-2022-07-12-at-1.37.39-PM.jpeg\" alt=\"\" class=\"wp-image-108792 lazyload\" data-srcset=\"https:\/\/eldiariodesanpedro.com.ar\/sitio\/wp-content\/uploads\/2022\/07\/WhatsApp-Image-2022-07-12-at-1.37.39-PM.jpeg 630w, https:\/\/eldiariodesanpedro.com.ar\/sitio\/wp-content\/uploads\/2022\/07\/WhatsApp-Image-2022-07-12-at-1.37.39-PM-300x300.jpeg 300w, https:\/\/eldiariodesanpedro.com.ar\/sitio\/wp-content\/uploads\/2022\/07\/WhatsApp-Image-2022-07-12-at-1.37.39-PM-150x150.jpeg 150w\" data-sizes=\"(max-width: 630px) 100vw, 630px\" src=\"data:image\/svg+xml;base64,PHN2ZyB3aWR0aD0iMSIgaGVpZ2h0PSIxIiB4bWxucz0iaHR0cDovL3d3dy53My5vcmcvMjAwMC9zdmciPjwvc3ZnPg==\" style=\"--smush-placeholder-width: 630px; --smush-placeholder-aspect-ratio: 630\/630;\" \/><\/figure>\n","protected":false},"excerpt":{"rendered":"<p>La Secretar\u00eda de Turismo y Cultura informa las actividades que se realizar\u00e1n en el Teatro Municipal Siripo durante el periodo de vacaciones de invierno, desde el 19 al 31 de julio, en el que se proyectar\u00e1n pel\u00edculas con entrada gratuita y la compa\u00f1\u00eda el Vacil\u00f3n presentar\u00e1 el espect\u00e1culo de Clown \u201cLas Andanzas del Capit\u00e1n\u201d. Las [&hellip;]<\/p>\n","protected":false},"author":4,"featured_media":82371,"comment_status":"closed","ping_status":"closed","sticky":false,"template":"","format":"standard","meta":{"om_disable_all_campaigns":false,"_jetpack_memberships_contains_paid_content":false,"footnotes":""},"categories":[101,2],"tags":[],"class_list":["post-108791","post","type-post","status-publish","format-standard","has-post-thumbnail","hentry","category-interes-general-locales","category-locales"],"aioseo_notices":[],"gutentor_comment":0,"jetpack_featured_media_url":"https:\/\/eldiariodesanpedro.com.ar\/sitio\/wp-content\/uploads\/2020\/10\/teatro-siripo-2.jpg","jetpack_shortlink":"https:\/\/wp.me\/p6RhLt-siH","jetpack_sharing_enabled":true,"_links":{"self":[{"href":"https:\/\/eldiariodesanpedro.com.ar\/sitio\/wp-json\/wp\/v2\/posts\/108791","targetHints":{"allow":["GET"]}}],"collection":[{"href":"https:\/\/eldiariodesanpedro.com.ar\/sitio\/wp-json\/wp\/v2\/posts"}],"about":[{"href":"https:\/\/eldiariodesanpedro.com.ar\/sitio\/wp-json\/wp\/v2\/types\/post"}],"author":[{"embeddable":true,"href":"https:\/\/eldiariodesanpedro.com.ar\/sitio\/wp-json\/wp\/v2\/users\/4"}],"replies":[{"embeddable":true,"href":"https:\/\/eldiariodesanpedro.com.ar\/sitio\/wp-json\/wp\/v2\/comments?post=108791"}],"version-history":[{"count":1,"href":"https:\/\/eldiariodesanpedro.com.ar\/sitio\/wp-json\/wp\/v2\/posts\/108791\/revisions"}],"predecessor-version":[{"id":108793,"href":"https:\/\/eldiariodesanpedro.com.ar\/sitio\/wp-json\/wp\/v2\/posts\/108791\/revisions\/108793"}],"wp:featuredmedia":[{"embeddable":true,"href":"https:\/\/eldiariodesanpedro.com.ar\/sitio\/wp-json\/wp\/v2\/media\/82371"}],"wp:attachment":[{"href":"https:\/\/eldiariodesanpedro.com.ar\/sitio\/wp-json\/wp\/v2\/media?parent=108791"}],"wp:term":[{"taxonomy":"category","embeddable":true,"href":"https:\/\/eldiariodesanpedro.com.ar\/sitio\/wp-json\/wp\/v2\/categories?post=108791"},{"taxonomy":"post_tag","embeddable":true,"href":"https:\/\/eldiariodesanpedro.com.ar\/sitio\/wp-json\/wp\/v2\/tags?post=108791"}],"curies":[{"name":"wp","href":"https:\/\/api.w.org\/{rel}","templated":true}]}}