{"id":108787,"date":"2022-07-11T18:40:11","date_gmt":"2022-07-11T21:40:11","guid":{"rendered":"https:\/\/eldiariodesanpedro.com.ar\/sitio\/?p=108787"},"modified":"2022-07-11T18:40:12","modified_gmt":"2022-07-11T21:40:12","slug":"la-secretaria-de-politicas-de-genero-mujeres-y-diversidad-es-ejecutora-del-programa-acompanar","status":"publish","type":"post","link":"https:\/\/eldiariodesanpedro.com.ar\/sitio\/la-secretaria-de-politicas-de-genero-mujeres-y-diversidad-es-ejecutora-del-programa-acompanar\/","title":{"rendered":"La secretar\u00eda de Pol\u00edticas de G\u00e9nero, Mujeres y Diversidad es ejecutora del programa Acompa\u00f1ar"},"content":{"rendered":"<!-- VideographyWP Plugin Message: Automatic video embedding prevented by plugin options. -->\n\n<p>A partir de la firma del convenio correspondiente entre el intendente Ram\u00f3n Salazar y la ministra de las Mujeres, G\u00e9neros y Diversidad de la Naci\u00f3n Elizabeth G\u00f3mez Alcorta, la secretar\u00eda de Pol\u00edticas de G\u00e9nero, Mujeres y Diversidad de la municipalidad de San Pedro se convirti\u00f3 en unidad de ingreso, acompa\u00f1amiento y seguimiento del \u00abPrograma de Apoyo y Acompa\u00f1amiento a personas en situaci\u00f3n de riesgo por violencia por motivos de g\u00e9nero (ACOMPA\u00d1AR)\u00bb, creado por el gobierno nacional mediante el decreto 734 del 8 de septiembre de 2020.<\/p>\n\n\n\n<p>El programa tiene como objetivo promover la autonom\u00eda de las mujeres y LGBTIQ+ que se encuentran en riesgo acreditado por situaci\u00f3n de violencia de g\u00e9nero, mediante el otorgamiento de una prestaci\u00f3n econ\u00f3mica y de fortalecimiento de redes de acompa\u00f1amiento, destinado a cubrir los gastos esenciales de organizaci\u00f3n y desarrollo de un proyecto de vida aut\u00f3nomo y libre de violencias.<\/p>\n\n\n\n<p>Cabe destacar que se entiende por personas en situaci\u00f3n de violencia por motivos de g\u00e9nero que se encuentren en \u00abriesgo\u00bb a aquellas mujeres y LGBTIQ+ que por sus condiciones socio econ\u00f3micas y vinculares se encuentren expuestas a diversas manifestaciones de las violencias por motivos de g\u00e9nero que ponen en riesgo su integridad f\u00edsica y psicol\u00f3gica y su autonom\u00eda econ\u00f3mica y social.<\/p>\n\n\n\n<p>Los requisitos para acceder al programa son: a) Ser mayor de 18 a\u00f1os; b) ser argentina\/o nativa\/o o naturalizada\/o o residente, con una residencia legal en el pa\u00eds no inferior a un a\u00f1o previo a la solicitud; c) acreditar situaci\u00f3n de riesgo por violencia por motivos de g\u00e9nero, a trav\u00e9s de un informe social suscitado (que tendr\u00e1 car\u00e1cter de Declaraci\u00f3n Jurada) realizado en este caso por el equipo de profesionales de la secretar\u00eda de Pol\u00edticas de G\u00e9nero, Mujeres y Diversidad de la municipalidad de San Pedro, registrado y autorizado a tal fin. Ser\u00e1 tambi\u00e9n la misma secretar\u00eda la encargada de brindar acompa\u00f1amiento y fortalecimiento psicosocial a las personas cuya inclusi\u00f3n al Programa solicite.<\/p>\n\n\n\n<p>Adem\u00e1s es indispensable contar con una cuenta bancaria activa a nombre de la persona que aspira a acceder al programa. Por ello se solicita asistir a la consulta con la constancia de CBU impresa.<\/p>\n\n\n\n<p>El Programa ACOMPA\u00d1AR es compatible con AUH; AUE; Monotributo social; Asignaci\u00f3n por Hijo\/a con Discapacidad; R\u00e9gimen de Contrato de Trabajo para personal de Casas Particulares; mientras que es incompatible con ingresos por trabajo en relaci\u00f3n de dependencia y\/o monotributo y\/o aut\u00f3nomas\/os; subsidio o prestaci\u00f3n monetaria no reintegrable con fines de empleo y\/o capacitaci\u00f3n otorgada por el Estado Nacional; jubilaciones, pensiones o retiros de car\u00e1cter contributivo o no contributivo; Pensi\u00f3n Universal para el Adulto Mayor; prestaci\u00f3n por desempleo.<\/p>\n\n\n\n<p>Quienes est\u00e9n en condiciones de acceder al programa y\/o tengan consultas, podr\u00e1n acercarse a la secretar\u00eda de Pol\u00edticas de G\u00e9nero, Mujeres y Diversidad, en Salta y San Mart\u00edn, de lunes a viernes de 08.00 a 14.00; o comunicarse telef\u00f3nicamente en el mismo horario al 03329 399388. Las consultas tambi\u00e9n pueden remitirse por mail a genero@sanpedro.gob.ar o a trav\u00e9s de los perfiles de Facebook e Instagram de la secretar\u00eda.<\/p>\n\n\n\n<figure class=\"wp-block-image size-full\"><img decoding=\"async\" width=\"752\" height=\"630\" data-attachment-id=\"108788\" data-permalink=\"https:\/\/eldiariodesanpedro.com.ar\/sitio\/la-secretaria-de-politicas-de-genero-mujeres-y-diversidad-es-ejecutora-del-programa-acompanar\/whatsapp-image-2022-07-11-at-10-00-10-am\/\" data-orig-file=\"https:\/\/eldiariodesanpedro.com.ar\/sitio\/wp-content\/uploads\/2022\/07\/WhatsApp-Image-2022-07-11-at-10.00.10-AM.jpeg\" data-orig-size=\"752,630\" data-comments-opened=\"0\" data-image-meta=\"{&quot;aperture&quot;:&quot;0&quot;,&quot;credit&quot;:&quot;&quot;,&quot;camera&quot;:&quot;&quot;,&quot;caption&quot;:&quot;&quot;,&quot;created_timestamp&quot;:&quot;0&quot;,&quot;copyright&quot;:&quot;&quot;,&quot;focal_length&quot;:&quot;0&quot;,&quot;iso&quot;:&quot;0&quot;,&quot;shutter_speed&quot;:&quot;0&quot;,&quot;title&quot;:&quot;&quot;,&quot;orientation&quot;:&quot;0&quot;}\" data-image-title=\"WhatsApp Image 2022-07-11 at 10.00.10 AM\" data-image-description=\"\" data-image-caption=\"\" data-large-file=\"https:\/\/eldiariodesanpedro.com.ar\/sitio\/wp-content\/uploads\/2022\/07\/WhatsApp-Image-2022-07-11-at-10.00.10-AM.jpeg\" data-src=\"https:\/\/eldiariodesanpedro.com.ar\/sitio\/wp-content\/uploads\/2022\/07\/WhatsApp-Image-2022-07-11-at-10.00.10-AM.jpeg\" alt=\"\" class=\"wp-image-108788 lazyload\" data-srcset=\"https:\/\/eldiariodesanpedro.com.ar\/sitio\/wp-content\/uploads\/2022\/07\/WhatsApp-Image-2022-07-11-at-10.00.10-AM.jpeg 752w, https:\/\/eldiariodesanpedro.com.ar\/sitio\/wp-content\/uploads\/2022\/07\/WhatsApp-Image-2022-07-11-at-10.00.10-AM-300x251.jpeg 300w\" data-sizes=\"(max-width: 752px) 100vw, 752px\" src=\"data:image\/svg+xml;base64,PHN2ZyB3aWR0aD0iMSIgaGVpZ2h0PSIxIiB4bWxucz0iaHR0cDovL3d3dy53My5vcmcvMjAwMC9zdmciPjwvc3ZnPg==\" style=\"--smush-placeholder-width: 752px; --smush-placeholder-aspect-ratio: 752\/630;\" \/><\/figure>\n","protected":false},"excerpt":{"rendered":"<p>A partir de la firma del convenio correspondiente entre el intendente Ram\u00f3n Salazar y la ministra de las Mujeres, G\u00e9neros y Diversidad de la Naci\u00f3n Elizabeth G\u00f3mez Alcorta, la secretar\u00eda de Pol\u00edticas de G\u00e9nero, Mujeres y Diversidad de la municipalidad de San Pedro se convirti\u00f3 en unidad de ingreso, acompa\u00f1amiento y seguimiento del \u00abPrograma de [&hellip;]<\/p>\n","protected":false},"author":4,"featured_media":108789,"comment_status":"closed","ping_status":"closed","sticky":false,"template":"","format":"standard","meta":{"om_disable_all_campaigns":false,"_jetpack_memberships_contains_paid_content":false,"footnotes":""},"categories":[101,2],"tags":[197,696,33,19],"class_list":["post-108787","post","type-post","status-publish","format-standard","has-post-thumbnail","hentry","category-interes-general-locales","category-locales","tag-buenos-aires","tag-interes-general","tag-locales","tag-san-pedro"],"aioseo_notices":[],"gutentor_comment":0,"jetpack_featured_media_url":"https:\/\/eldiariodesanpedro.com.ar\/sitio\/wp-content\/uploads\/2022\/07\/Programa-Acompanar.jpg","jetpack_shortlink":"https:\/\/wp.me\/p6RhLt-siD","jetpack_sharing_enabled":true,"_links":{"self":[{"href":"https:\/\/eldiariodesanpedro.com.ar\/sitio\/wp-json\/wp\/v2\/posts\/108787","targetHints":{"allow":["GET"]}}],"collection":[{"href":"https:\/\/eldiariodesanpedro.com.ar\/sitio\/wp-json\/wp\/v2\/posts"}],"about":[{"href":"https:\/\/eldiariodesanpedro.com.ar\/sitio\/wp-json\/wp\/v2\/types\/post"}],"author":[{"embeddable":true,"href":"https:\/\/eldiariodesanpedro.com.ar\/sitio\/wp-json\/wp\/v2\/users\/4"}],"replies":[{"embeddable":true,"href":"https:\/\/eldiariodesanpedro.com.ar\/sitio\/wp-json\/wp\/v2\/comments?post=108787"}],"version-history":[{"count":1,"href":"https:\/\/eldiariodesanpedro.com.ar\/sitio\/wp-json\/wp\/v2\/posts\/108787\/revisions"}],"predecessor-version":[{"id":108790,"href":"https:\/\/eldiariodesanpedro.com.ar\/sitio\/wp-json\/wp\/v2\/posts\/108787\/revisions\/108790"}],"wp:featuredmedia":[{"embeddable":true,"href":"https:\/\/eldiariodesanpedro.com.ar\/sitio\/wp-json\/wp\/v2\/media\/108789"}],"wp:attachment":[{"href":"https:\/\/eldiariodesanpedro.com.ar\/sitio\/wp-json\/wp\/v2\/media?parent=108787"}],"wp:term":[{"taxonomy":"category","embeddable":true,"href":"https:\/\/eldiariodesanpedro.com.ar\/sitio\/wp-json\/wp\/v2\/categories?post=108787"},{"taxonomy":"post_tag","embeddable":true,"href":"https:\/\/eldiariodesanpedro.com.ar\/sitio\/wp-json\/wp\/v2\/tags?post=108787"}],"curies":[{"name":"wp","href":"https:\/\/api.w.org\/{rel}","templated":true}]}}