{"id":108784,"date":"2022-07-11T18:18:02","date_gmt":"2022-07-11T21:18:02","guid":{"rendered":"https:\/\/eldiariodesanpedro.com.ar\/sitio\/?p=108784"},"modified":"2022-07-11T18:18:02","modified_gmt":"2022-07-11T21:18:02","slug":"el-intendente-municipal-firmo-el-decreto-para-transferir-15-millones-de-pesos-al-consejo-escolar","status":"publish","type":"post","link":"https:\/\/eldiariodesanpedro.com.ar\/sitio\/el-intendente-municipal-firmo-el-decreto-para-transferir-15-millones-de-pesos-al-consejo-escolar\/","title":{"rendered":"El Intendente Municipal firm\u00f3 el decreto para transferir 15 millones de pesos al Consejo Escolar"},"content":{"rendered":"<!-- VideographyWP Plugin Message: Automatic video embedding prevented by plugin options. -->\n\n<p>Se formaliz\u00f3 en el municipio la firma del decreto por el cual se transfieren 15 millones de pesos, provenientes del Fondo de Financiamiento Educativo, al Consejo Escolar presidido por Jorge D\u2019Andrea.<\/p>\n\n\n\n<p>Los fondos ser\u00e1n utilizados para realizar obras que atiendan las necesidades de las Instituciones Educativas de todos los niveles y para la adquisici\u00f3n e instalaci\u00f3n de equipamientos en los establecimientos educativos (mobiliario, pizarrones, calefactores, cocinas, heladeras y unidades de juegos, entre otras cosas).<\/p>\n\n\n\n<p>Esta segunda entrega, de igual monto que la realizada a principios de a\u00f1o, es parte del compromiso asumido por el Gobierno Municipal de priorizar la educaci\u00f3n. Trabajando adem\u00e1s, en forma conjunta con el Consejo Escolar, a fin de que la comunidad educativa cuente con mejores condiciones.<\/p>\n\n\n\n<p>Participaron de la suscripci\u00f3n del decreto el secretario de Gobierno Alfredo Carrasco, la directora de Educaci\u00f3n y Capacitaci\u00f3n, Mariana Toscanini y la consejera Escolar Romina Rosell\u00f3.<\/p>\n","protected":false},"excerpt":{"rendered":"<p>Se formaliz\u00f3 en el municipio la firma del decreto por el cual se transfieren 15 millones de pesos, provenientes del Fondo de Financiamiento Educativo, al Consejo Escolar presidido por Jorge D\u2019Andrea. Los fondos ser\u00e1n utilizados para realizar obras que atiendan las necesidades de las Instituciones Educativas de todos los niveles y para la adquisici\u00f3n e [&hellip;]<\/p>\n","protected":false},"author":4,"featured_media":108785,"comment_status":"closed","ping_status":"closed","sticky":false,"template":"","format":"standard","meta":{"om_disable_all_campaigns":false,"_jetpack_memberships_contains_paid_content":false,"footnotes":""},"categories":[50,101,2],"tags":[197,696,33,19],"class_list":["post-108784","post","type-post","status-publish","format-standard","has-post-thumbnail","hentry","category-destacadas","category-interes-general-locales","category-locales","tag-buenos-aires","tag-interes-general","tag-locales","tag-san-pedro"],"aioseo_notices":[],"gutentor_comment":0,"jetpack_featured_media_url":"https:\/\/eldiariodesanpedro.com.ar\/sitio\/wp-content\/uploads\/2022\/07\/WhatsApp-Image-2022-07-11-at-7.37.12-AM.jpeg","jetpack_shortlink":"https:\/\/wp.me\/p6RhLt-siA","jetpack_sharing_enabled":true,"_links":{"self":[{"href":"https:\/\/eldiariodesanpedro.com.ar\/sitio\/wp-json\/wp\/v2\/posts\/108784","targetHints":{"allow":["GET"]}}],"collection":[{"href":"https:\/\/eldiariodesanpedro.com.ar\/sitio\/wp-json\/wp\/v2\/posts"}],"about":[{"href":"https:\/\/eldiariodesanpedro.com.ar\/sitio\/wp-json\/wp\/v2\/types\/post"}],"author":[{"embeddable":true,"href":"https:\/\/eldiariodesanpedro.com.ar\/sitio\/wp-json\/wp\/v2\/users\/4"}],"replies":[{"embeddable":true,"href":"https:\/\/eldiariodesanpedro.com.ar\/sitio\/wp-json\/wp\/v2\/comments?post=108784"}],"version-history":[{"count":1,"href":"https:\/\/eldiariodesanpedro.com.ar\/sitio\/wp-json\/wp\/v2\/posts\/108784\/revisions"}],"predecessor-version":[{"id":108786,"href":"https:\/\/eldiariodesanpedro.com.ar\/sitio\/wp-json\/wp\/v2\/posts\/108784\/revisions\/108786"}],"wp:featuredmedia":[{"embeddable":true,"href":"https:\/\/eldiariodesanpedro.com.ar\/sitio\/wp-json\/wp\/v2\/media\/108785"}],"wp:attachment":[{"href":"https:\/\/eldiariodesanpedro.com.ar\/sitio\/wp-json\/wp\/v2\/media?parent=108784"}],"wp:term":[{"taxonomy":"category","embeddable":true,"href":"https:\/\/eldiariodesanpedro.com.ar\/sitio\/wp-json\/wp\/v2\/categories?post=108784"},{"taxonomy":"post_tag","embeddable":true,"href":"https:\/\/eldiariodesanpedro.com.ar\/sitio\/wp-json\/wp\/v2\/tags?post=108784"}],"curies":[{"name":"wp","href":"https:\/\/api.w.org\/{rel}","templated":true}]}}