{"id":108779,"date":"2022-07-11T15:52:03","date_gmt":"2022-07-11T18:52:03","guid":{"rendered":"https:\/\/eldiariodesanpedro.com.ar\/sitio\/?p=108779"},"modified":"2022-07-11T15:52:04","modified_gmt":"2022-07-11T18:52:04","slug":"la-mesa-local-de-atencion-y-prevencion-de-violencia-de-genero-y-familiar-concreto-su-reunion-mensual","status":"publish","type":"post","link":"https:\/\/eldiariodesanpedro.com.ar\/sitio\/la-mesa-local-de-atencion-y-prevencion-de-violencia-de-genero-y-familiar-concreto-su-reunion-mensual\/","title":{"rendered":"La Mesa Local de Atenci\u00f3n y Prevenci\u00f3n de Violencia de G\u00e9nero y Familiar concret\u00f3 su reuni\u00f3n mensual"},"content":{"rendered":"<!-- VideographyWP Plugin Message: Automatic video embedding prevented by plugin options. -->\n\n<p>Cumpliendo con la ordenanza 6332\/18 del Honorable Concejo Deliberante de San Pedro, se concret\u00f3 el pasado jueves en la secretar\u00eda de Pol\u00edticas de G\u00e9nero, Mujeres y Diversidad una nueva reuni\u00f3n de la Mesa Local de Atenci\u00f3n y Prevenci\u00f3n de Violencia de G\u00e9nero y Familiar.<\/p>\n\n\n\n<p>Durante el encuentro se abordaron distintas problem\u00e1ticas vinculadas a las tem\u00e1ticas que ata\u00f1en al espacio, con el objetivo de mejorar la articulaci\u00f3n entre los distintos actores institucionales para la atenci\u00f3n y contenci\u00f3n de quienes atraviesan una situaci\u00f3n de violencia por razones de g\u00e9nero o violencia familliar.<\/p>\n\n\n\n<p>Tanto la secretaria de Pol\u00edticas de G\u00e9nero, Mujeres y Diversidad Laura Monfasani como la titular de la Comisar\u00eda de la Mujer y la familia, la Oficial Principal Mariana Aguila, destacaron la celeridad lograda en torno a las medidas de protecci\u00f3n de las personas denunciantes que dicta el juzgado de Paz, a partir de la designaci\u00f3n del Juez de Paz Dr. Jos\u00e9 Macchia. En las \u00faltimas semanas, atendiendo a la gravedad de los casos, se han logrado medidas cautelares de urgencia, apenas horas despu\u00e9s de radicada la denuncia, incluso durante los fines de semana. El Juzgado estuvo representado por el Dr. Julio Cipollone y la Dra. Luc\u00eda Capobianco.<\/p>\n\n\n\n<p>La presencia de la integrante de la comisi\u00f3n de Defensores y Asesores ad hoc del Juzgado de Paz Dra. Karina Rocca permiti\u00f3 adem\u00e1s incorporar una parte fundamental de la asistencia a las v\u00edctimas en su defensa.<\/p>\n\n\n\n<p>Tanto el secretario de Seguridad Diego Solana, como la representante de la secretar\u00eda de Salud en la Mesa, la dra. Renata Agazzi, compartieron adem\u00e1s novedades que ser\u00e1n prontamente anunciadas y que responden adem\u00e1s en gran parte a inquietudes planteadas dentro de la Mesa por las organizaciones feministas y de Diversidad que las integran.<\/p>\n\n\n\n<p>La presencia de las concejalas Rita Leguizam\u00f3n y Candelaria Cuscuela, del Frente de Todos, y Hugo Binimelis, en representaci\u00f3n de Juntos UCR, permiti\u00f3 adem\u00e1s planificar la capacitaci\u00f3n en Ley Micaela que se requerir\u00e1 para el Poder Legislativo, as\u00ed como repasar la agenda de G\u00e9neros dentro del Honorable Concejo Deliberante.<\/p>\n\n\n\n<p>Participaron adem\u00e1s de la reuni\u00f3n el director de la secretar\u00eda de Pol\u00edticas de G\u00e9nero, Mujeres y Diversidad, Lic. Pablo De Igarz\u00e1bal; la titular del Centro de Acceso a la Justicia, Dra. Guadalupe Fraga; representantes de las organizaciones feministas Libres de Miedo y Minerva Mirabal, y de las \u00e1reas de G\u00e9nero de ATSA, Suteba, CTA de los y las trabajadorxs, y Agrupaci\u00f3n Mayo.<\/p>\n\n\n\n<figure class=\"wp-block-image size-full\"><img decoding=\"async\" width=\"831\" height=\"630\" data-attachment-id=\"108781\" data-permalink=\"https:\/\/eldiariodesanpedro.com.ar\/sitio\/la-mesa-local-de-atencion-y-prevencion-de-violencia-de-genero-y-familiar-concreto-su-reunion-mensual\/whatsapp-image-2022-07-10-at-11-24-19-am\/\" data-orig-file=\"https:\/\/eldiariodesanpedro.com.ar\/sitio\/wp-content\/uploads\/2022\/07\/WhatsApp-Image-2022-07-10-at-11.24.19-AM.jpeg\" data-orig-size=\"831,630\" data-comments-opened=\"0\" data-image-meta=\"{&quot;aperture&quot;:&quot;0&quot;,&quot;credit&quot;:&quot;&quot;,&quot;camera&quot;:&quot;&quot;,&quot;caption&quot;:&quot;&quot;,&quot;created_timestamp&quot;:&quot;0&quot;,&quot;copyright&quot;:&quot;&quot;,&quot;focal_length&quot;:&quot;0&quot;,&quot;iso&quot;:&quot;0&quot;,&quot;shutter_speed&quot;:&quot;0&quot;,&quot;title&quot;:&quot;&quot;,&quot;orientation&quot;:&quot;0&quot;}\" data-image-title=\"WhatsApp Image 2022-07-10 at 11.24.19 AM\" data-image-description=\"\" data-image-caption=\"\" data-large-file=\"https:\/\/eldiariodesanpedro.com.ar\/sitio\/wp-content\/uploads\/2022\/07\/WhatsApp-Image-2022-07-10-at-11.24.19-AM.jpeg\" data-src=\"https:\/\/eldiariodesanpedro.com.ar\/sitio\/wp-content\/uploads\/2022\/07\/WhatsApp-Image-2022-07-10-at-11.24.19-AM.jpeg\" alt=\"\" class=\"wp-image-108781 lazyload\" data-srcset=\"https:\/\/eldiariodesanpedro.com.ar\/sitio\/wp-content\/uploads\/2022\/07\/WhatsApp-Image-2022-07-10-at-11.24.19-AM.jpeg 831w, https:\/\/eldiariodesanpedro.com.ar\/sitio\/wp-content\/uploads\/2022\/07\/WhatsApp-Image-2022-07-10-at-11.24.19-AM-300x227.jpeg 300w, https:\/\/eldiariodesanpedro.com.ar\/sitio\/wp-content\/uploads\/2022\/07\/WhatsApp-Image-2022-07-10-at-11.24.19-AM-768x582.jpeg 768w\" data-sizes=\"(max-width: 831px) 100vw, 831px\" src=\"data:image\/svg+xml;base64,PHN2ZyB3aWR0aD0iMSIgaGVpZ2h0PSIxIiB4bWxucz0iaHR0cDovL3d3dy53My5vcmcvMjAwMC9zdmciPjwvc3ZnPg==\" style=\"--smush-placeholder-width: 831px; --smush-placeholder-aspect-ratio: 831\/630;\" \/><\/figure>\n\n\n\n<figure class=\"wp-block-image size-large\"><img decoding=\"async\" width=\"1024\" height=\"599\" data-attachment-id=\"108782\" data-permalink=\"https:\/\/eldiariodesanpedro.com.ar\/sitio\/la-mesa-local-de-atencion-y-prevencion-de-violencia-de-genero-y-familiar-concreto-su-reunion-mensual\/whatsapp-image-2022-07-10-at-11-24-20-am\/\" data-orig-file=\"https:\/\/eldiariodesanpedro.com.ar\/sitio\/wp-content\/uploads\/2022\/07\/WhatsApp-Image-2022-07-10-at-11.24.20-AM.jpeg\" data-orig-size=\"1077,630\" data-comments-opened=\"0\" data-image-meta=\"{&quot;aperture&quot;:&quot;0&quot;,&quot;credit&quot;:&quot;&quot;,&quot;camera&quot;:&quot;&quot;,&quot;caption&quot;:&quot;&quot;,&quot;created_timestamp&quot;:&quot;0&quot;,&quot;copyright&quot;:&quot;&quot;,&quot;focal_length&quot;:&quot;0&quot;,&quot;iso&quot;:&quot;0&quot;,&quot;shutter_speed&quot;:&quot;0&quot;,&quot;title&quot;:&quot;&quot;,&quot;orientation&quot;:&quot;0&quot;}\" data-image-title=\"WhatsApp Image 2022-07-10 at 11.24.20 AM\" data-image-description=\"\" data-image-caption=\"\" data-large-file=\"https:\/\/eldiariodesanpedro.com.ar\/sitio\/wp-content\/uploads\/2022\/07\/WhatsApp-Image-2022-07-10-at-11.24.20-AM-1024x599.jpeg\" data-src=\"https:\/\/eldiariodesanpedro.com.ar\/sitio\/wp-content\/uploads\/2022\/07\/WhatsApp-Image-2022-07-10-at-11.24.20-AM-1024x599.jpeg\" alt=\"\" class=\"wp-image-108782 lazyload\" data-srcset=\"https:\/\/eldiariodesanpedro.com.ar\/sitio\/wp-content\/uploads\/2022\/07\/WhatsApp-Image-2022-07-10-at-11.24.20-AM-1024x599.jpeg 1024w, https:\/\/eldiariodesanpedro.com.ar\/sitio\/wp-content\/uploads\/2022\/07\/WhatsApp-Image-2022-07-10-at-11.24.20-AM-300x175.jpeg 300w, https:\/\/eldiariodesanpedro.com.ar\/sitio\/wp-content\/uploads\/2022\/07\/WhatsApp-Image-2022-07-10-at-11.24.20-AM-768x449.jpeg 768w, https:\/\/eldiariodesanpedro.com.ar\/sitio\/wp-content\/uploads\/2022\/07\/WhatsApp-Image-2022-07-10-at-11.24.20-AM.jpeg 1077w\" data-sizes=\"(max-width: 1024px) 100vw, 1024px\" src=\"data:image\/svg+xml;base64,PHN2ZyB3aWR0aD0iMSIgaGVpZ2h0PSIxIiB4bWxucz0iaHR0cDovL3d3dy53My5vcmcvMjAwMC9zdmciPjwvc3ZnPg==\" style=\"--smush-placeholder-width: 1024px; --smush-placeholder-aspect-ratio: 1024\/599;\" \/><\/figure>\n","protected":false},"excerpt":{"rendered":"<p>Cumpliendo con la ordenanza 6332\/18 del Honorable Concejo Deliberante de San Pedro, se concret\u00f3 el pasado jueves en la secretar\u00eda de Pol\u00edticas de G\u00e9nero, Mujeres y Diversidad una nueva reuni\u00f3n de la Mesa Local de Atenci\u00f3n y Prevenci\u00f3n de Violencia de G\u00e9nero y Familiar. Durante el encuentro se abordaron distintas problem\u00e1ticas vinculadas a las tem\u00e1ticas [&hellip;]<\/p>\n","protected":false},"author":4,"featured_media":108780,"comment_status":"closed","ping_status":"closed","sticky":false,"template":"","format":"standard","meta":{"om_disable_all_campaigns":false,"_jetpack_memberships_contains_paid_content":false,"footnotes":""},"categories":[50,101,2],"tags":[197,696,33,19],"class_list":["post-108779","post","type-post","status-publish","format-standard","has-post-thumbnail","hentry","category-destacadas","category-interes-general-locales","category-locales","tag-buenos-aires","tag-interes-general","tag-locales","tag-san-pedro"],"aioseo_notices":[],"gutentor_comment":0,"jetpack_featured_media_url":"https:\/\/eldiariodesanpedro.com.ar\/sitio\/wp-content\/uploads\/2022\/07\/WhatsApp-Image-2022-07-10-at-11.24.19-AM-1.jpeg","jetpack_shortlink":"https:\/\/wp.me\/p6RhLt-siv","jetpack_sharing_enabled":true,"_links":{"self":[{"href":"https:\/\/eldiariodesanpedro.com.ar\/sitio\/wp-json\/wp\/v2\/posts\/108779","targetHints":{"allow":["GET"]}}],"collection":[{"href":"https:\/\/eldiariodesanpedro.com.ar\/sitio\/wp-json\/wp\/v2\/posts"}],"about":[{"href":"https:\/\/eldiariodesanpedro.com.ar\/sitio\/wp-json\/wp\/v2\/types\/post"}],"author":[{"embeddable":true,"href":"https:\/\/eldiariodesanpedro.com.ar\/sitio\/wp-json\/wp\/v2\/users\/4"}],"replies":[{"embeddable":true,"href":"https:\/\/eldiariodesanpedro.com.ar\/sitio\/wp-json\/wp\/v2\/comments?post=108779"}],"version-history":[{"count":1,"href":"https:\/\/eldiariodesanpedro.com.ar\/sitio\/wp-json\/wp\/v2\/posts\/108779\/revisions"}],"predecessor-version":[{"id":108783,"href":"https:\/\/eldiariodesanpedro.com.ar\/sitio\/wp-json\/wp\/v2\/posts\/108779\/revisions\/108783"}],"wp:featuredmedia":[{"embeddable":true,"href":"https:\/\/eldiariodesanpedro.com.ar\/sitio\/wp-json\/wp\/v2\/media\/108780"}],"wp:attachment":[{"href":"https:\/\/eldiariodesanpedro.com.ar\/sitio\/wp-json\/wp\/v2\/media?parent=108779"}],"wp:term":[{"taxonomy":"category","embeddable":true,"href":"https:\/\/eldiariodesanpedro.com.ar\/sitio\/wp-json\/wp\/v2\/categories?post=108779"},{"taxonomy":"post_tag","embeddable":true,"href":"https:\/\/eldiariodesanpedro.com.ar\/sitio\/wp-json\/wp\/v2\/tags?post=108779"}],"curies":[{"name":"wp","href":"https:\/\/api.w.org\/{rel}","templated":true}]}}