{"id":108769,"date":"2022-07-11T14:25:10","date_gmt":"2022-07-11T17:25:10","guid":{"rendered":"https:\/\/eldiariodesanpedro.com.ar\/sitio\/?p=108769"},"modified":"2022-07-11T14:25:11","modified_gmt":"2022-07-11T17:25:11","slug":"acto-por-el-dia-de-la-independencia-en-gobernador-castro","status":"publish","type":"post","link":"https:\/\/eldiariodesanpedro.com.ar\/sitio\/acto-por-el-dia-de-la-independencia-en-gobernador-castro\/","title":{"rendered":"Acto por el d\u00eda de la Independencia en Gobernador Castro"},"content":{"rendered":"<!-- VideographyWP Plugin Message: Automatic video embedding prevented by plugin options. -->\n\n<p>Se llev\u00f3 a cabo este s\u00e1bado en la localidad de Gobernador Castro la conmemoraci\u00f3n del 206\u00b0 aniversario de la declaraci\u00f3n de la Independencia Argentina a trav\u00e9s de un acto encabezado por el Intendente Dr. Ram\u00f3n Salazar, junto a funcionarios del gobierno municipal, concejales, representantes de fuerzas de seguridad, Bomberos de Gobernador Castro, veteranos de Malvinas, instituciones y alumnos de diferentes establecimientos educativos. El encuentro comenz\u00f3 con la bendici\u00f3n del Cura P\u00e1rroco Jes\u00fas Esquivel, a cargo de la Parroquia Nuestra Se\u00f1ora de F\u00e1tima.<\/p>\n\n\n\n<p>El Intendente Salazar, el Delegado Municipal \u00c1ngel \u00c1lvarez y el concejal Juan Cruz Gonz\u00e1lez fueron los encargados de izar la bandera tras lo cual se enton\u00f3 el Himno Nacional y se comparti\u00f3 una rese\u00f1a sobre la fecha a cargo de la directora de la Escuela de Educaci\u00f3n Primaria N\u00b035 Emilio Castro, Luisa Elgoyhen.<\/p>\n\n\n\n<p>El Delegado Municipal agradeci\u00f3 al Intendente Ram\u00f3n Salazar y al ex Intendente Cecilio Salazar \u201cen esta fecha que habla de independencia, autonom\u00eda y derechos\u201d por las gestiones realizadas para que \u201cel tren vuelva a parar en nuestro pueblo dentro de muy poco\u201d.<\/p>\n\n\n\n<p>El Dr. Salazar comenz\u00f3 su mensaje agradeciendo a los presentes y \u201ca quienes trabajaron para que esta fiesta sea posible\u201d. Adem\u00e1s, se mostr\u00f3 contento por \u201cllegar a la localidad por el acceso repavimentado luego de tantos a\u00f1os de lucha\u201d y asegur\u00f3 que \u201cpronto vamos a poder repavimentar los \u00faltimos metros, remarcar la ruta y colocar la carteler\u00eda\u201d.<\/p>\n\n\n\n<p>Record\u00f3 que los sampedrinos fuimos representados en la gesta de la Independencia por \u201cun hijo de nuestra tierra, Fray Cayetano Rodr\u00edguez, como redactor del acta de la independencia\u201d y comparti\u00f3 el \u201coptimismo que nos genera el esp\u00edritu patri\u00f3tico\u201d reafirmando el compromiso de acompa\u00f1ar a las nuevas generaciones \u201cque afrontar\u00e1n desaf\u00edos similares a los nuestros, pero con energ\u00edas renovadas\u201d.<\/p>\n\n\n\n<p>\u201cCelebremos este d\u00eda de la independencia con alegr\u00eda, optimismo y esperanza, llevando siempre en nuestros corazones los colores celeste y blanco\u201d cerr\u00f3 su discurso el Jefe Comunal.<\/p>\n\n\n\n<p>A continuaci\u00f3n, el Intendente Salazar y el Delegado \u00c1lvarez destaparon el busto del General San Mart\u00edn que fue colocado en la plaza que lleva su nombre a trav\u00e9s del taller de Escultura de la Municipalidad, quienes confeccionaron la figura del Libertador.<\/p>\n\n\n\n<p>El acto continu\u00f3 con la participaci\u00f3n de los alumnos de primer a\u00f1o de la Escuela Secundaria N\u00b0 6, quienes interpretaron la canci\u00f3n de Le\u00f3n Gieco \u201cSolo le pido a dios\u201d y la Agrupaci\u00f3n Flor del Durazno quienes bailaron para el p\u00fablico presente.<\/p>\n\n\n\n<p>Finalmente se realiz\u00f3 el tradicional desfile de instituciones encabezado por veteranos de Malvinas, del que participaron Instituciones de la localidad, el Cuerpo de Bomberos de Gobernador Castro, fuerzas de seguridad, instituciones educativas y los diferentes Fortines.<\/p>\n\n\n\n<figure class=\"wp-block-image size-full\"><img decoding=\"async\" width=\"475\" height=\"630\" data-attachment-id=\"108773\" data-permalink=\"https:\/\/eldiariodesanpedro.com.ar\/sitio\/acto-por-el-dia-de-la-independencia-en-gobernador-castro\/whatsapp-image-2022-07-09-at-2-52-58-pm\/\" data-orig-file=\"https:\/\/eldiariodesanpedro.com.ar\/sitio\/wp-content\/uploads\/2022\/07\/WhatsApp-Image-2022-07-09-at-2.52.58-PM.jpeg\" data-orig-size=\"475,630\" data-comments-opened=\"0\" data-image-meta=\"{&quot;aperture&quot;:&quot;0&quot;,&quot;credit&quot;:&quot;&quot;,&quot;camera&quot;:&quot;&quot;,&quot;caption&quot;:&quot;&quot;,&quot;created_timestamp&quot;:&quot;0&quot;,&quot;copyright&quot;:&quot;&quot;,&quot;focal_length&quot;:&quot;0&quot;,&quot;iso&quot;:&quot;0&quot;,&quot;shutter_speed&quot;:&quot;0&quot;,&quot;title&quot;:&quot;&quot;,&quot;orientation&quot;:&quot;0&quot;}\" data-image-title=\"WhatsApp Image 2022-07-09 at 2.52.58 PM\" data-image-description=\"\" data-image-caption=\"\" data-large-file=\"https:\/\/eldiariodesanpedro.com.ar\/sitio\/wp-content\/uploads\/2022\/07\/WhatsApp-Image-2022-07-09-at-2.52.58-PM.jpeg\" data-src=\"https:\/\/eldiariodesanpedro.com.ar\/sitio\/wp-content\/uploads\/2022\/07\/WhatsApp-Image-2022-07-09-at-2.52.58-PM.jpeg\" alt=\"\" class=\"wp-image-108773 lazyload\" data-srcset=\"https:\/\/eldiariodesanpedro.com.ar\/sitio\/wp-content\/uploads\/2022\/07\/WhatsApp-Image-2022-07-09-at-2.52.58-PM.jpeg 475w, https:\/\/eldiariodesanpedro.com.ar\/sitio\/wp-content\/uploads\/2022\/07\/WhatsApp-Image-2022-07-09-at-2.52.58-PM-226x300.jpeg 226w\" data-sizes=\"(max-width: 475px) 100vw, 475px\" src=\"data:image\/svg+xml;base64,PHN2ZyB3aWR0aD0iMSIgaGVpZ2h0PSIxIiB4bWxucz0iaHR0cDovL3d3dy53My5vcmcvMjAwMC9zdmciPjwvc3ZnPg==\" style=\"--smush-placeholder-width: 475px; --smush-placeholder-aspect-ratio: 475\/630;\" \/><\/figure>\n\n\n\n<figure class=\"wp-block-image size-full\"><img decoding=\"async\" width=\"877\" height=\"630\" data-attachment-id=\"108775\" data-permalink=\"https:\/\/eldiariodesanpedro.com.ar\/sitio\/acto-por-el-dia-de-la-independencia-en-gobernador-castro\/whatsapp-image-2022-07-09-at-2-53-00-pm\/\" data-orig-file=\"https:\/\/eldiariodesanpedro.com.ar\/sitio\/wp-content\/uploads\/2022\/07\/WhatsApp-Image-2022-07-09-at-2.53.00-PM.jpeg\" data-orig-size=\"877,630\" data-comments-opened=\"0\" data-image-meta=\"{&quot;aperture&quot;:&quot;0&quot;,&quot;credit&quot;:&quot;&quot;,&quot;camera&quot;:&quot;&quot;,&quot;caption&quot;:&quot;&quot;,&quot;created_timestamp&quot;:&quot;0&quot;,&quot;copyright&quot;:&quot;&quot;,&quot;focal_length&quot;:&quot;0&quot;,&quot;iso&quot;:&quot;0&quot;,&quot;shutter_speed&quot;:&quot;0&quot;,&quot;title&quot;:&quot;&quot;,&quot;orientation&quot;:&quot;0&quot;}\" data-image-title=\"WhatsApp Image 2022-07-09 at 2.53.00 PM\" data-image-description=\"\" data-image-caption=\"\" data-large-file=\"https:\/\/eldiariodesanpedro.com.ar\/sitio\/wp-content\/uploads\/2022\/07\/WhatsApp-Image-2022-07-09-at-2.53.00-PM.jpeg\" data-src=\"https:\/\/eldiariodesanpedro.com.ar\/sitio\/wp-content\/uploads\/2022\/07\/WhatsApp-Image-2022-07-09-at-2.53.00-PM.jpeg\" alt=\"\" class=\"wp-image-108775 lazyload\" data-srcset=\"https:\/\/eldiariodesanpedro.com.ar\/sitio\/wp-content\/uploads\/2022\/07\/WhatsApp-Image-2022-07-09-at-2.53.00-PM.jpeg 877w, https:\/\/eldiariodesanpedro.com.ar\/sitio\/wp-content\/uploads\/2022\/07\/WhatsApp-Image-2022-07-09-at-2.53.00-PM-300x216.jpeg 300w, https:\/\/eldiariodesanpedro.com.ar\/sitio\/wp-content\/uploads\/2022\/07\/WhatsApp-Image-2022-07-09-at-2.53.00-PM-768x552.jpeg 768w, https:\/\/eldiariodesanpedro.com.ar\/sitio\/wp-content\/uploads\/2022\/07\/WhatsApp-Image-2022-07-09-at-2.53.00-PM-240x172.jpeg 240w\" data-sizes=\"(max-width: 877px) 100vw, 877px\" src=\"data:image\/svg+xml;base64,PHN2ZyB3aWR0aD0iMSIgaGVpZ2h0PSIxIiB4bWxucz0iaHR0cDovL3d3dy53My5vcmcvMjAwMC9zdmciPjwvc3ZnPg==\" style=\"--smush-placeholder-width: 877px; --smush-placeholder-aspect-ratio: 877\/630;\" \/><\/figure>\n\n\n\n<figure class=\"wp-block-image size-full\"><img decoding=\"async\" width=\"1016\" height=\"630\" data-attachment-id=\"108772\" data-permalink=\"https:\/\/eldiariodesanpedro.com.ar\/sitio\/acto-por-el-dia-de-la-independencia-en-gobernador-castro\/whatsapp-image-2022-07-09-at-2-52-58-pm-1\/\" data-orig-file=\"https:\/\/eldiariodesanpedro.com.ar\/sitio\/wp-content\/uploads\/2022\/07\/WhatsApp-Image-2022-07-09-at-2.52.58-PM-1.jpeg\" data-orig-size=\"1016,630\" data-comments-opened=\"0\" data-image-meta=\"{&quot;aperture&quot;:&quot;0&quot;,&quot;credit&quot;:&quot;&quot;,&quot;camera&quot;:&quot;&quot;,&quot;caption&quot;:&quot;&quot;,&quot;created_timestamp&quot;:&quot;0&quot;,&quot;copyright&quot;:&quot;&quot;,&quot;focal_length&quot;:&quot;0&quot;,&quot;iso&quot;:&quot;0&quot;,&quot;shutter_speed&quot;:&quot;0&quot;,&quot;title&quot;:&quot;&quot;,&quot;orientation&quot;:&quot;0&quot;}\" data-image-title=\"WhatsApp Image 2022-07-09 at 2.52.58 PM (1)\" data-image-description=\"\" data-image-caption=\"\" data-large-file=\"https:\/\/eldiariodesanpedro.com.ar\/sitio\/wp-content\/uploads\/2022\/07\/WhatsApp-Image-2022-07-09-at-2.52.58-PM-1.jpeg\" data-src=\"https:\/\/eldiariodesanpedro.com.ar\/sitio\/wp-content\/uploads\/2022\/07\/WhatsApp-Image-2022-07-09-at-2.52.58-PM-1.jpeg\" alt=\"\" class=\"wp-image-108772 lazyload\" data-srcset=\"https:\/\/eldiariodesanpedro.com.ar\/sitio\/wp-content\/uploads\/2022\/07\/WhatsApp-Image-2022-07-09-at-2.52.58-PM-1.jpeg 1016w, https:\/\/eldiariodesanpedro.com.ar\/sitio\/wp-content\/uploads\/2022\/07\/WhatsApp-Image-2022-07-09-at-2.52.58-PM-1-300x186.jpeg 300w, https:\/\/eldiariodesanpedro.com.ar\/sitio\/wp-content\/uploads\/2022\/07\/WhatsApp-Image-2022-07-09-at-2.52.58-PM-1-768x476.jpeg 768w\" data-sizes=\"(max-width: 1016px) 100vw, 1016px\" src=\"data:image\/svg+xml;base64,PHN2ZyB3aWR0aD0iMSIgaGVpZ2h0PSIxIiB4bWxucz0iaHR0cDovL3d3dy53My5vcmcvMjAwMC9zdmciPjwvc3ZnPg==\" style=\"--smush-placeholder-width: 1016px; --smush-placeholder-aspect-ratio: 1016\/630;\" \/><\/figure>\n\n\n\n<figure class=\"wp-block-image size-full\"><img decoding=\"async\" width=\"922\" height=\"630\" data-attachment-id=\"108770\" data-permalink=\"https:\/\/eldiariodesanpedro.com.ar\/sitio\/acto-por-el-dia-de-la-independencia-en-gobernador-castro\/whatsapp-image-2022-07-09-at-2-52-51-pm\/\" data-orig-file=\"https:\/\/eldiariodesanpedro.com.ar\/sitio\/wp-content\/uploads\/2022\/07\/WhatsApp-Image-2022-07-09-at-2.52.51-PM.jpeg\" data-orig-size=\"922,630\" data-comments-opened=\"0\" data-image-meta=\"{&quot;aperture&quot;:&quot;0&quot;,&quot;credit&quot;:&quot;&quot;,&quot;camera&quot;:&quot;&quot;,&quot;caption&quot;:&quot;&quot;,&quot;created_timestamp&quot;:&quot;0&quot;,&quot;copyright&quot;:&quot;&quot;,&quot;focal_length&quot;:&quot;0&quot;,&quot;iso&quot;:&quot;0&quot;,&quot;shutter_speed&quot;:&quot;0&quot;,&quot;title&quot;:&quot;&quot;,&quot;orientation&quot;:&quot;0&quot;}\" data-image-title=\"WhatsApp Image 2022-07-09 at 2.52.51 PM\" data-image-description=\"\" data-image-caption=\"\" data-large-file=\"https:\/\/eldiariodesanpedro.com.ar\/sitio\/wp-content\/uploads\/2022\/07\/WhatsApp-Image-2022-07-09-at-2.52.51-PM.jpeg\" data-src=\"https:\/\/eldiariodesanpedro.com.ar\/sitio\/wp-content\/uploads\/2022\/07\/WhatsApp-Image-2022-07-09-at-2.52.51-PM.jpeg\" alt=\"\" class=\"wp-image-108770 lazyload\" data-srcset=\"https:\/\/eldiariodesanpedro.com.ar\/sitio\/wp-content\/uploads\/2022\/07\/WhatsApp-Image-2022-07-09-at-2.52.51-PM.jpeg 922w, https:\/\/eldiariodesanpedro.com.ar\/sitio\/wp-content\/uploads\/2022\/07\/WhatsApp-Image-2022-07-09-at-2.52.51-PM-300x205.jpeg 300w, https:\/\/eldiariodesanpedro.com.ar\/sitio\/wp-content\/uploads\/2022\/07\/WhatsApp-Image-2022-07-09-at-2.52.51-PM-768x525.jpeg 768w\" data-sizes=\"(max-width: 922px) 100vw, 922px\" src=\"data:image\/svg+xml;base64,PHN2ZyB3aWR0aD0iMSIgaGVpZ2h0PSIxIiB4bWxucz0iaHR0cDovL3d3dy53My5vcmcvMjAwMC9zdmciPjwvc3ZnPg==\" style=\"--smush-placeholder-width: 922px; --smush-placeholder-aspect-ratio: 922\/630;\" \/><\/figure>\n\n\n\n<figure class=\"wp-block-image size-full\"><img decoding=\"async\" width=\"939\" height=\"630\" data-attachment-id=\"108774\" data-permalink=\"https:\/\/eldiariodesanpedro.com.ar\/sitio\/acto-por-el-dia-de-la-independencia-en-gobernador-castro\/whatsapp-image-2022-07-09-at-2-52-59-pm\/\" data-orig-file=\"https:\/\/eldiariodesanpedro.com.ar\/sitio\/wp-content\/uploads\/2022\/07\/WhatsApp-Image-2022-07-09-at-2.52.59-PM.jpeg\" data-orig-size=\"939,630\" data-comments-opened=\"0\" data-image-meta=\"{&quot;aperture&quot;:&quot;0&quot;,&quot;credit&quot;:&quot;&quot;,&quot;camera&quot;:&quot;&quot;,&quot;caption&quot;:&quot;&quot;,&quot;created_timestamp&quot;:&quot;0&quot;,&quot;copyright&quot;:&quot;&quot;,&quot;focal_length&quot;:&quot;0&quot;,&quot;iso&quot;:&quot;0&quot;,&quot;shutter_speed&quot;:&quot;0&quot;,&quot;title&quot;:&quot;&quot;,&quot;orientation&quot;:&quot;0&quot;}\" data-image-title=\"WhatsApp Image 2022-07-09 at 2.52.59 PM\" data-image-description=\"\" data-image-caption=\"\" data-large-file=\"https:\/\/eldiariodesanpedro.com.ar\/sitio\/wp-content\/uploads\/2022\/07\/WhatsApp-Image-2022-07-09-at-2.52.59-PM.jpeg\" data-src=\"https:\/\/eldiariodesanpedro.com.ar\/sitio\/wp-content\/uploads\/2022\/07\/WhatsApp-Image-2022-07-09-at-2.52.59-PM.jpeg\" alt=\"\" class=\"wp-image-108774 lazyload\" data-srcset=\"https:\/\/eldiariodesanpedro.com.ar\/sitio\/wp-content\/uploads\/2022\/07\/WhatsApp-Image-2022-07-09-at-2.52.59-PM.jpeg 939w, https:\/\/eldiariodesanpedro.com.ar\/sitio\/wp-content\/uploads\/2022\/07\/WhatsApp-Image-2022-07-09-at-2.52.59-PM-300x201.jpeg 300w, https:\/\/eldiariodesanpedro.com.ar\/sitio\/wp-content\/uploads\/2022\/07\/WhatsApp-Image-2022-07-09-at-2.52.59-PM-768x515.jpeg 768w\" data-sizes=\"(max-width: 939px) 100vw, 939px\" src=\"data:image\/svg+xml;base64,PHN2ZyB3aWR0aD0iMSIgaGVpZ2h0PSIxIiB4bWxucz0iaHR0cDovL3d3dy53My5vcmcvMjAwMC9zdmciPjwvc3ZnPg==\" style=\"--smush-placeholder-width: 939px; --smush-placeholder-aspect-ratio: 939\/630;\" \/><\/figure>\n","protected":false},"excerpt":{"rendered":"<p>Se llev\u00f3 a cabo este s\u00e1bado en la localidad de Gobernador Castro la conmemoraci\u00f3n del 206\u00b0 aniversario de la declaraci\u00f3n de la Independencia Argentina a trav\u00e9s de un acto encabezado por el Intendente Dr. Ram\u00f3n Salazar, junto a funcionarios del gobierno municipal, concejales, representantes de fuerzas de seguridad, Bomberos de Gobernador Castro, veteranos de Malvinas, [&hellip;]<\/p>\n","protected":false},"author":4,"featured_media":108771,"comment_status":"closed","ping_status":"closed","sticky":false,"template":"","format":"standard","meta":{"om_disable_all_campaigns":false,"_jetpack_memberships_contains_paid_content":false,"footnotes":""},"categories":[50,101,2],"tags":[197,696,33,19],"class_list":["post-108769","post","type-post","status-publish","format-standard","has-post-thumbnail","hentry","category-destacadas","category-interes-general-locales","category-locales","tag-buenos-aires","tag-interes-general","tag-locales","tag-san-pedro"],"aioseo_notices":[],"gutentor_comment":0,"jetpack_featured_media_url":"https:\/\/eldiariodesanpedro.com.ar\/sitio\/wp-content\/uploads\/2022\/07\/WhatsApp-Image-2022-07-09-at-2.52.57-PM.jpeg","jetpack_shortlink":"https:\/\/wp.me\/p6RhLt-sil","jetpack_sharing_enabled":true,"_links":{"self":[{"href":"https:\/\/eldiariodesanpedro.com.ar\/sitio\/wp-json\/wp\/v2\/posts\/108769","targetHints":{"allow":["GET"]}}],"collection":[{"href":"https:\/\/eldiariodesanpedro.com.ar\/sitio\/wp-json\/wp\/v2\/posts"}],"about":[{"href":"https:\/\/eldiariodesanpedro.com.ar\/sitio\/wp-json\/wp\/v2\/types\/post"}],"author":[{"embeddable":true,"href":"https:\/\/eldiariodesanpedro.com.ar\/sitio\/wp-json\/wp\/v2\/users\/4"}],"replies":[{"embeddable":true,"href":"https:\/\/eldiariodesanpedro.com.ar\/sitio\/wp-json\/wp\/v2\/comments?post=108769"}],"version-history":[{"count":1,"href":"https:\/\/eldiariodesanpedro.com.ar\/sitio\/wp-json\/wp\/v2\/posts\/108769\/revisions"}],"predecessor-version":[{"id":108776,"href":"https:\/\/eldiariodesanpedro.com.ar\/sitio\/wp-json\/wp\/v2\/posts\/108769\/revisions\/108776"}],"wp:featuredmedia":[{"embeddable":true,"href":"https:\/\/eldiariodesanpedro.com.ar\/sitio\/wp-json\/wp\/v2\/media\/108771"}],"wp:attachment":[{"href":"https:\/\/eldiariodesanpedro.com.ar\/sitio\/wp-json\/wp\/v2\/media?parent=108769"}],"wp:term":[{"taxonomy":"category","embeddable":true,"href":"https:\/\/eldiariodesanpedro.com.ar\/sitio\/wp-json\/wp\/v2\/categories?post=108769"},{"taxonomy":"post_tag","embeddable":true,"href":"https:\/\/eldiariodesanpedro.com.ar\/sitio\/wp-json\/wp\/v2\/tags?post=108769"}],"curies":[{"name":"wp","href":"https:\/\/api.w.org\/{rel}","templated":true}]}}