{"id":108754,"date":"2022-07-08T10:12:37","date_gmt":"2022-07-08T13:12:37","guid":{"rendered":"https:\/\/eldiariodesanpedro.com.ar\/sitio\/?p=108754"},"modified":"2022-07-08T10:20:58","modified_gmt":"2022-07-08T13:20:58","slug":"ruta-9-violenta-colision-en-el-kilometro-163-entre-dos-camiones","status":"publish","type":"post","link":"https:\/\/eldiariodesanpedro.com.ar\/sitio\/ruta-9-violenta-colision-en-el-kilometro-163-entre-dos-camiones\/","title":{"rendered":"Ruta 9: Violenta colisi\u00f3n en el kil\u00f3metro 163 entre dos camiones"},"content":{"rendered":"<!-- VideographyWP Plugin Message: Automatic video embedding prevented by plugin options. -->\n\n<p>En la madrugada de hoy, promediando las 04 hs, la polic\u00eda de la comisar\u00eda interviene en accidente de tr\u00e1nsito ocurrido en Ruta 9 km 161 carril a Buenos Aires, protagonizado por dos camiones.\u00a0<\/p>\n\n\n\n<p>Uno cargado con carne porcina colision\u00f3 por alcance con otro cami\u00f3n&nbsp; cargado con botellas de aceites que circulaba delante y en la misma direcci\u00f3n.&nbsp;<\/p>\n\n\n\n<p>Como consecuencia de un chofer de cami\u00f3n embistente masculino de 33 a\u00f1os oriundo de Santa Fe sufri\u00f3 lesiones trasladado al Hospital local, con trauma a predominio de miembros inferiores sin riesgo de vida, el restante conductor del otro rodado masculino de 42 a\u00f1os, oriundo de Gran Buenos Aires, result\u00f3 ileso.&nbsp;<\/p>\n\n\n\n<p>Las pericias de rigor por la polic\u00eda cient\u00edfica, el tr\u00e1nsito estuvo asistido por reducci\u00f3n de carril, hasta la remoci\u00f3n de los rodados siniestrados por parte de la gr\u00faa de servicios viales, adem\u00e1s de la presencia de Bomberos voluntarios para liberar al chofer del cami\u00f3n.<\/p>\n\n\n\n<p>Estuvo montado un amplio operativo policial junto a Gendarmer\u00eda Nacional a resguardo de la escena hasta las primeras horas de la ma\u00f1ana de hoy.&nbsp;<\/p>\n\n\n\n<p>Interviene la fiscal\u00eda local en turno.&nbsp;<\/p>\n\n\n\n<figure class=\"wp-block-image size-large\"><img decoding=\"async\" width=\"1024\" height=\"473\" data-attachment-id=\"108759\" data-permalink=\"https:\/\/eldiariodesanpedro.com.ar\/sitio\/ruta-9-violenta-colision-en-el-kilometro-163-entre-dos-camiones\/whatsapp-image-2022-07-08-at-8-06-35-am\/\" data-orig-file=\"https:\/\/eldiariodesanpedro.com.ar\/sitio\/wp-content\/uploads\/2022\/07\/WhatsApp-Image-2022-07-08-at-8.06.35-AM.jpeg\" data-orig-size=\"1040,480\" data-comments-opened=\"0\" data-image-meta=\"{&quot;aperture&quot;:&quot;0&quot;,&quot;credit&quot;:&quot;&quot;,&quot;camera&quot;:&quot;&quot;,&quot;caption&quot;:&quot;&quot;,&quot;created_timestamp&quot;:&quot;0&quot;,&quot;copyright&quot;:&quot;&quot;,&quot;focal_length&quot;:&quot;0&quot;,&quot;iso&quot;:&quot;0&quot;,&quot;shutter_speed&quot;:&quot;0&quot;,&quot;title&quot;:&quot;&quot;,&quot;orientation&quot;:&quot;0&quot;}\" data-image-title=\"WhatsApp Image 2022-07-08 at 8.06.35 AM\" data-image-description=\"\" data-image-caption=\"\" data-large-file=\"https:\/\/eldiariodesanpedro.com.ar\/sitio\/wp-content\/uploads\/2022\/07\/WhatsApp-Image-2022-07-08-at-8.06.35-AM-1024x473.jpeg\" data-src=\"https:\/\/eldiariodesanpedro.com.ar\/sitio\/wp-content\/uploads\/2022\/07\/WhatsApp-Image-2022-07-08-at-8.06.35-AM-1024x473.jpeg\" alt=\"\" class=\"wp-image-108759 lazyload\" data-srcset=\"https:\/\/eldiariodesanpedro.com.ar\/sitio\/wp-content\/uploads\/2022\/07\/WhatsApp-Image-2022-07-08-at-8.06.35-AM-1024x473.jpeg 1024w, https:\/\/eldiariodesanpedro.com.ar\/sitio\/wp-content\/uploads\/2022\/07\/WhatsApp-Image-2022-07-08-at-8.06.35-AM-300x138.jpeg 300w, https:\/\/eldiariodesanpedro.com.ar\/sitio\/wp-content\/uploads\/2022\/07\/WhatsApp-Image-2022-07-08-at-8.06.35-AM-768x354.jpeg 768w, https:\/\/eldiariodesanpedro.com.ar\/sitio\/wp-content\/uploads\/2022\/07\/WhatsApp-Image-2022-07-08-at-8.06.35-AM.jpeg 1040w\" data-sizes=\"(max-width: 1024px) 100vw, 1024px\" src=\"data:image\/svg+xml;base64,PHN2ZyB3aWR0aD0iMSIgaGVpZ2h0PSIxIiB4bWxucz0iaHR0cDovL3d3dy53My5vcmcvMjAwMC9zdmciPjwvc3ZnPg==\" style=\"--smush-placeholder-width: 1024px; --smush-placeholder-aspect-ratio: 1024\/473;\" \/><\/figure>\n\n\n\n<figure class=\"wp-block-image size-large\"><img decoding=\"async\" width=\"1024\" height=\"473\" data-attachment-id=\"108760\" data-permalink=\"https:\/\/eldiariodesanpedro.com.ar\/sitio\/ruta-9-violenta-colision-en-el-kilometro-163-entre-dos-camiones\/whatsapp-image-2022-07-08-at-8-06-36-am\/\" data-orig-file=\"https:\/\/eldiariodesanpedro.com.ar\/sitio\/wp-content\/uploads\/2022\/07\/WhatsApp-Image-2022-07-08-at-8.06.36-AM.jpeg\" data-orig-size=\"1200,554\" data-comments-opened=\"0\" data-image-meta=\"{&quot;aperture&quot;:&quot;0&quot;,&quot;credit&quot;:&quot;&quot;,&quot;camera&quot;:&quot;&quot;,&quot;caption&quot;:&quot;&quot;,&quot;created_timestamp&quot;:&quot;0&quot;,&quot;copyright&quot;:&quot;&quot;,&quot;focal_length&quot;:&quot;0&quot;,&quot;iso&quot;:&quot;0&quot;,&quot;shutter_speed&quot;:&quot;0&quot;,&quot;title&quot;:&quot;&quot;,&quot;orientation&quot;:&quot;0&quot;}\" data-image-title=\"WhatsApp Image 2022-07-08 at 8.06.36 AM\" data-image-description=\"\" data-image-caption=\"\" data-large-file=\"https:\/\/eldiariodesanpedro.com.ar\/sitio\/wp-content\/uploads\/2022\/07\/WhatsApp-Image-2022-07-08-at-8.06.36-AM-1024x473.jpeg\" data-src=\"https:\/\/eldiariodesanpedro.com.ar\/sitio\/wp-content\/uploads\/2022\/07\/WhatsApp-Image-2022-07-08-at-8.06.36-AM-1024x473.jpeg\" alt=\"\" class=\"wp-image-108760 lazyload\" data-srcset=\"https:\/\/eldiariodesanpedro.com.ar\/sitio\/wp-content\/uploads\/2022\/07\/WhatsApp-Image-2022-07-08-at-8.06.36-AM-1024x473.jpeg 1024w, https:\/\/eldiariodesanpedro.com.ar\/sitio\/wp-content\/uploads\/2022\/07\/WhatsApp-Image-2022-07-08-at-8.06.36-AM-300x139.jpeg 300w, https:\/\/eldiariodesanpedro.com.ar\/sitio\/wp-content\/uploads\/2022\/07\/WhatsApp-Image-2022-07-08-at-8.06.36-AM-768x355.jpeg 768w, https:\/\/eldiariodesanpedro.com.ar\/sitio\/wp-content\/uploads\/2022\/07\/WhatsApp-Image-2022-07-08-at-8.06.36-AM.jpeg 1200w\" data-sizes=\"(max-width: 1024px) 100vw, 1024px\" src=\"data:image\/svg+xml;base64,PHN2ZyB3aWR0aD0iMSIgaGVpZ2h0PSIxIiB4bWxucz0iaHR0cDovL3d3dy53My5vcmcvMjAwMC9zdmciPjwvc3ZnPg==\" style=\"--smush-placeholder-width: 1024px; --smush-placeholder-aspect-ratio: 1024\/473;\" \/><\/figure>\n\n\n\n<figure class=\"wp-block-image size-large\"><img decoding=\"async\" width=\"1024\" height=\"473\" data-attachment-id=\"108758\" data-permalink=\"https:\/\/eldiariodesanpedro.com.ar\/sitio\/ruta-9-violenta-colision-en-el-kilometro-163-entre-dos-camiones\/whatsapp-image-2022-07-08-at-8-06-35-am-1\/\" data-orig-file=\"https:\/\/eldiariodesanpedro.com.ar\/sitio\/wp-content\/uploads\/2022\/07\/WhatsApp-Image-2022-07-08-at-8.06.35-AM-1.jpeg\" data-orig-size=\"1040,480\" data-comments-opened=\"0\" data-image-meta=\"{&quot;aperture&quot;:&quot;0&quot;,&quot;credit&quot;:&quot;&quot;,&quot;camera&quot;:&quot;&quot;,&quot;caption&quot;:&quot;&quot;,&quot;created_timestamp&quot;:&quot;0&quot;,&quot;copyright&quot;:&quot;&quot;,&quot;focal_length&quot;:&quot;0&quot;,&quot;iso&quot;:&quot;0&quot;,&quot;shutter_speed&quot;:&quot;0&quot;,&quot;title&quot;:&quot;&quot;,&quot;orientation&quot;:&quot;0&quot;}\" data-image-title=\"WhatsApp Image 2022-07-08 at 8.06.35 AM (1)\" data-image-description=\"\" data-image-caption=\"\" data-large-file=\"https:\/\/eldiariodesanpedro.com.ar\/sitio\/wp-content\/uploads\/2022\/07\/WhatsApp-Image-2022-07-08-at-8.06.35-AM-1-1024x473.jpeg\" data-src=\"https:\/\/eldiariodesanpedro.com.ar\/sitio\/wp-content\/uploads\/2022\/07\/WhatsApp-Image-2022-07-08-at-8.06.35-AM-1-1024x473.jpeg\" alt=\"\" class=\"wp-image-108758 lazyload\" data-srcset=\"https:\/\/eldiariodesanpedro.com.ar\/sitio\/wp-content\/uploads\/2022\/07\/WhatsApp-Image-2022-07-08-at-8.06.35-AM-1-1024x473.jpeg 1024w, https:\/\/eldiariodesanpedro.com.ar\/sitio\/wp-content\/uploads\/2022\/07\/WhatsApp-Image-2022-07-08-at-8.06.35-AM-1-300x138.jpeg 300w, https:\/\/eldiariodesanpedro.com.ar\/sitio\/wp-content\/uploads\/2022\/07\/WhatsApp-Image-2022-07-08-at-8.06.35-AM-1-768x354.jpeg 768w, https:\/\/eldiariodesanpedro.com.ar\/sitio\/wp-content\/uploads\/2022\/07\/WhatsApp-Image-2022-07-08-at-8.06.35-AM-1.jpeg 1040w\" data-sizes=\"(max-width: 1024px) 100vw, 1024px\" src=\"data:image\/svg+xml;base64,PHN2ZyB3aWR0aD0iMSIgaGVpZ2h0PSIxIiB4bWxucz0iaHR0cDovL3d3dy53My5vcmcvMjAwMC9zdmciPjwvc3ZnPg==\" style=\"--smush-placeholder-width: 1024px; --smush-placeholder-aspect-ratio: 1024\/473;\" \/><\/figure>\n","protected":false},"excerpt":{"rendered":"<p>En la madrugada de hoy, promediando las 04 hs, la polic\u00eda de la comisar\u00eda interviene en accidente de tr\u00e1nsito ocurrido en Ruta 9 km 161 carril a Buenos Aires, protagonizado por dos camiones.\u00a0 Uno cargado con carne porcina colision\u00f3 por alcance con otro cami\u00f3n&nbsp; cargado con botellas de aceites que circulaba delante y en la [&hellip;]<\/p>\n","protected":false},"author":4,"featured_media":108758,"comment_status":"closed","ping_status":"closed","sticky":false,"template":"","format":"standard","meta":{"om_disable_all_campaigns":false,"_jetpack_memberships_contains_paid_content":false,"footnotes":""},"categories":[2,103],"tags":[197,33,95,19],"class_list":["post-108754","post","type-post","status-publish","format-standard","has-post-thumbnail","hentry","category-locales","category-policiales-locales","tag-buenos-aires","tag-locales","tag-policiales","tag-san-pedro"],"aioseo_notices":[],"gutentor_comment":0,"jetpack_featured_media_url":"https:\/\/eldiariodesanpedro.com.ar\/sitio\/wp-content\/uploads\/2022\/07\/WhatsApp-Image-2022-07-08-at-8.06.35-AM-1.jpeg","jetpack_shortlink":"https:\/\/wp.me\/p6RhLt-si6","jetpack_sharing_enabled":true,"_links":{"self":[{"href":"https:\/\/eldiariodesanpedro.com.ar\/sitio\/wp-json\/wp\/v2\/posts\/108754","targetHints":{"allow":["GET"]}}],"collection":[{"href":"https:\/\/eldiariodesanpedro.com.ar\/sitio\/wp-json\/wp\/v2\/posts"}],"about":[{"href":"https:\/\/eldiariodesanpedro.com.ar\/sitio\/wp-json\/wp\/v2\/types\/post"}],"author":[{"embeddable":true,"href":"https:\/\/eldiariodesanpedro.com.ar\/sitio\/wp-json\/wp\/v2\/users\/4"}],"replies":[{"embeddable":true,"href":"https:\/\/eldiariodesanpedro.com.ar\/sitio\/wp-json\/wp\/v2\/comments?post=108754"}],"version-history":[{"count":3,"href":"https:\/\/eldiariodesanpedro.com.ar\/sitio\/wp-json\/wp\/v2\/posts\/108754\/revisions"}],"predecessor-version":[{"id":108763,"href":"https:\/\/eldiariodesanpedro.com.ar\/sitio\/wp-json\/wp\/v2\/posts\/108754\/revisions\/108763"}],"wp:featuredmedia":[{"embeddable":true,"href":"https:\/\/eldiariodesanpedro.com.ar\/sitio\/wp-json\/wp\/v2\/media\/108758"}],"wp:attachment":[{"href":"https:\/\/eldiariodesanpedro.com.ar\/sitio\/wp-json\/wp\/v2\/media?parent=108754"}],"wp:term":[{"taxonomy":"category","embeddable":true,"href":"https:\/\/eldiariodesanpedro.com.ar\/sitio\/wp-json\/wp\/v2\/categories?post=108754"},{"taxonomy":"post_tag","embeddable":true,"href":"https:\/\/eldiariodesanpedro.com.ar\/sitio\/wp-json\/wp\/v2\/tags?post=108754"}],"curies":[{"name":"wp","href":"https:\/\/api.w.org\/{rel}","templated":true}]}}