{"id":108741,"date":"2022-07-07T20:16:30","date_gmt":"2022-07-07T23:16:30","guid":{"rendered":"https:\/\/eldiariodesanpedro.com.ar\/sitio\/?p=108741"},"modified":"2022-07-07T20:16:30","modified_gmt":"2022-07-07T23:16:30","slug":"ciudadano-que-circulaba-en-camioneta-choco-alcoholizado-una-columna-y-no-habia-para-hacerle-test-de-alcoholemia","status":"publish","type":"post","link":"https:\/\/eldiariodesanpedro.com.ar\/sitio\/ciudadano-que-circulaba-en-camioneta-choco-alcoholizado-una-columna-y-no-habia-para-hacerle-test-de-alcoholemia\/","title":{"rendered":"Ciudadano que circulaba en camioneta choc\u00f3 alcoholizado una columna y no hab\u00eda para hacerle test de alcoholemia"},"content":{"rendered":"<!-- VideographyWP Plugin Message: Automatic video embedding prevented by plugin options. -->\n\n<p>En la jornada de ayer mi\u00e9rcoles alrededor de las 23:30 hs un ciudadano que se encontraba alcoholizado colision\u00f3 contra una columna en frente de la f\u00e1brica Arcor, no se le pudo hacer test de alcoholemia por que no se encontraba funcionando el alcohol\u00edmetro.<\/p>\n\n\n\n<p>El hecho tuvo lugar en la ruta 191 en la noche de este mi\u00e9rcoles cuando un ciudadano de alrededor de 60 a\u00f1os que circulaba alcoholizado en una camioneta Chevrolet por ruta 191 a pocos metros de la f\u00e1brica Arcor pierde el control e impact\u00f3 contra una columna que se encuentra en la esquiando una reconocida distribuidora de bebidas.<\/p>\n\n\n\n<p>En el lugar se hizo presente una patrulla policial y otra de inspecci\u00f3n de la municipalidad, quienes claramente pudieron percatarse que esta persona se encontraba en estado de ebriedad.<\/p>\n\n\n\n<p>El problema en esta situaci\u00f3n es que el alcohol\u00edmetro se encontraba fuera de servicio ya que hab\u00eda sido enviado a calibrar durante la misma jornada, y otros dos se enviaron a reparar.<\/p>\n\n\n\n<p>Seg\u00fan confirm\u00f3 Angel Burgos Director de Transito y Nocturnidad, el aparato estaba cargando despu\u00e9s de haber sido calibrado por eso no se encontraba a disposici\u00f3n, adem\u00e1s aclar\u00f3 que los otros dos llegar\u00e1n el pr\u00f3ximo lunes, de esa manera la ciudad contar\u00e1 con tres alcohol\u00edmetros.<\/p>\n\n\n\n<p>El rodado no fue secuestrado porque no hab\u00eda manera de constatar el alcohol en sangre, de cualquier manera el conductor tuvo que llamar una gr\u00faa de la ciudad de Baradero para poder sacar el rodado que hab\u00eda quedado enganchado con esta columna<\/p>\n","protected":false},"excerpt":{"rendered":"<p>En la jornada de ayer mi\u00e9rcoles alrededor de las 23:30 hs un ciudadano que se encontraba alcoholizado colision\u00f3 contra una columna en frente de la f\u00e1brica Arcor, no se le pudo hacer test de alcoholemia por que no se encontraba funcionando el alcohol\u00edmetro. El hecho tuvo lugar en la ruta 191 en la noche de [&hellip;]<\/p>\n","protected":false},"author":4,"featured_media":108742,"comment_status":"closed","ping_status":"closed","sticky":false,"template":"","format":"standard","meta":{"om_disable_all_campaigns":false,"_jetpack_memberships_contains_paid_content":false,"footnotes":""},"categories":[50,2,103],"tags":[197,33,95,19],"class_list":["post-108741","post","type-post","status-publish","format-standard","has-post-thumbnail","hentry","category-destacadas","category-locales","category-policiales-locales","tag-buenos-aires","tag-locales","tag-policiales","tag-san-pedro"],"aioseo_notices":[],"gutentor_comment":0,"jetpack_featured_media_url":"https:\/\/eldiariodesanpedro.com.ar\/sitio\/wp-content\/uploads\/2022\/07\/WhatsApp-Image-2022-07-06-at-11.50.26-PM.jpeg","jetpack_shortlink":"https:\/\/wp.me\/p6RhLt-shT","jetpack_sharing_enabled":true,"_links":{"self":[{"href":"https:\/\/eldiariodesanpedro.com.ar\/sitio\/wp-json\/wp\/v2\/posts\/108741","targetHints":{"allow":["GET"]}}],"collection":[{"href":"https:\/\/eldiariodesanpedro.com.ar\/sitio\/wp-json\/wp\/v2\/posts"}],"about":[{"href":"https:\/\/eldiariodesanpedro.com.ar\/sitio\/wp-json\/wp\/v2\/types\/post"}],"author":[{"embeddable":true,"href":"https:\/\/eldiariodesanpedro.com.ar\/sitio\/wp-json\/wp\/v2\/users\/4"}],"replies":[{"embeddable":true,"href":"https:\/\/eldiariodesanpedro.com.ar\/sitio\/wp-json\/wp\/v2\/comments?post=108741"}],"version-history":[{"count":1,"href":"https:\/\/eldiariodesanpedro.com.ar\/sitio\/wp-json\/wp\/v2\/posts\/108741\/revisions"}],"predecessor-version":[{"id":108743,"href":"https:\/\/eldiariodesanpedro.com.ar\/sitio\/wp-json\/wp\/v2\/posts\/108741\/revisions\/108743"}],"wp:featuredmedia":[{"embeddable":true,"href":"https:\/\/eldiariodesanpedro.com.ar\/sitio\/wp-json\/wp\/v2\/media\/108742"}],"wp:attachment":[{"href":"https:\/\/eldiariodesanpedro.com.ar\/sitio\/wp-json\/wp\/v2\/media?parent=108741"}],"wp:term":[{"taxonomy":"category","embeddable":true,"href":"https:\/\/eldiariodesanpedro.com.ar\/sitio\/wp-json\/wp\/v2\/categories?post=108741"},{"taxonomy":"post_tag","embeddable":true,"href":"https:\/\/eldiariodesanpedro.com.ar\/sitio\/wp-json\/wp\/v2\/tags?post=108741"}],"curies":[{"name":"wp","href":"https:\/\/api.w.org\/{rel}","templated":true}]}}