{"id":108735,"date":"2022-07-07T19:43:53","date_gmt":"2022-07-07T22:43:53","guid":{"rendered":"https:\/\/eldiariodesanpedro.com.ar\/sitio\/?p=108735"},"modified":"2022-07-07T19:43:53","modified_gmt":"2022-07-07T22:43:53","slug":"estamos-en-tu-barrio-el-operativo-de-abordaje-territorial-en-pueblo-doyle","status":"publish","type":"post","link":"https:\/\/eldiariodesanpedro.com.ar\/sitio\/estamos-en-tu-barrio-el-operativo-de-abordaje-territorial-en-pueblo-doyle\/","title":{"rendered":"Estamos en tu barrio: El operativo de abordaje territorial en Pueblo Doyle"},"content":{"rendered":"<!-- VideographyWP Plugin Message: Automatic video embedding prevented by plugin options. -->\n\n<p>Este jueves se concret\u00f3 en la Plaza de la Tradici\u00f3n de Pueblo Doyle una nueva jornada del operativo de abordaje territorial \u00abEstamos en tu barrio\u00bb organizado por la Municipalidad de San Pedro.<\/p>\n\n\n\n<p>Con muy buena concurrencia de vecinos y vecinas, las distintas \u00e1reas del municipio dieron atenci\u00f3n y respuesta a las consultas de la gente que se acerc\u00f3 al lugar para recorrer los puestos en los que las Secretar\u00edas de Desarrollo Econ\u00f3mico; Pol\u00edticas de G\u00e9nero, Mujeres y Diversidad; Turismo y Cultura; Desarrollo Humano y Salud; las direcciones de Comisiones de Fomento y Bromatolog\u00eda dispusieron personal para facilitar tramites e informaci\u00f3n a la comunidad. Adem\u00e1s, formaron parte del operativo el Centro de Acceso a la Justicia a cargo de la doctora Guadalupe Fraga, el vacunatorio San Pedro Vacunate, la Comisar\u00eda de la Mujer y la Familia, miembros del Honorable Concejo Deliberante y la Delegaci\u00f3n Municipal.<\/p>\n\n\n\n<p>El intendente Ram\u00f3n Salazar y el secretario de Coordinaci\u00f3n Luciano Arias recorrieron la plaza y las distintas \u00e1reas junto al Delegado Municipal Luciano Juhant, adem\u00e1s de conversar con los vecinos y vecinas del lugar.<\/p>\n\n\n\n<p>El Dr. Salazar se mostr\u00f3 contento por el desarrollo del operativo y la concurrencia de los vecinos y las vecinas de Pueblo Doyle, asegurando que \u201ces muy bueno que el municipio pueda traer los distintos servicios a la localidad y estar cerca de los vecinos\u201d. Destacando adem\u00e1s las m\u00e1s de 80 personas que pasaron por la posta del vacunatorio para aplicarse la vacuna contra el Covid-19.<\/p>\n\n\n\n<p>Una vez finalizada la actividad, el Intendente Salazar recorri\u00f3 el recientemente Inaugurado Centro de Salud junto al Secretario de Coordinaci\u00f3n Luciano Arias, el Delegado Municipal Luciano Juhant y a la enfermera Carolina Mi\u00f1o quien inform\u00f3 que luego de la inauguraci\u00f3n del nuevo establecimiento de Salud las consultas se triplicaron al verse mejorada la contenci\u00f3n y respuestas a las demandas de la poblaci\u00f3n, pasando de las 250 mensuales a 770 registrada en el \u00faltimo mes.<\/p>\n\n\n\n<figure class=\"wp-block-image size-full\"><img decoding=\"async\" width=\"945\" height=\"630\" data-attachment-id=\"108738\" data-permalink=\"https:\/\/eldiariodesanpedro.com.ar\/sitio\/estamos-en-tu-barrio-el-operativo-de-abordaje-territorial-en-pueblo-doyle\/whatsapp-image-2022-07-07-at-5-34-26-pm\/\" data-orig-file=\"https:\/\/eldiariodesanpedro.com.ar\/sitio\/wp-content\/uploads\/2022\/07\/WhatsApp-Image-2022-07-07-at-5.34.26-PM.jpeg\" data-orig-size=\"945,630\" data-comments-opened=\"0\" data-image-meta=\"{&quot;aperture&quot;:&quot;0&quot;,&quot;credit&quot;:&quot;&quot;,&quot;camera&quot;:&quot;&quot;,&quot;caption&quot;:&quot;&quot;,&quot;created_timestamp&quot;:&quot;0&quot;,&quot;copyright&quot;:&quot;&quot;,&quot;focal_length&quot;:&quot;0&quot;,&quot;iso&quot;:&quot;0&quot;,&quot;shutter_speed&quot;:&quot;0&quot;,&quot;title&quot;:&quot;&quot;,&quot;orientation&quot;:&quot;0&quot;}\" data-image-title=\"WhatsApp Image 2022-07-07 at 5.34.26 PM\" data-image-description=\"\" data-image-caption=\"\" data-large-file=\"https:\/\/eldiariodesanpedro.com.ar\/sitio\/wp-content\/uploads\/2022\/07\/WhatsApp-Image-2022-07-07-at-5.34.26-PM.jpeg\" data-src=\"https:\/\/eldiariodesanpedro.com.ar\/sitio\/wp-content\/uploads\/2022\/07\/WhatsApp-Image-2022-07-07-at-5.34.26-PM.jpeg\" alt=\"\" class=\"wp-image-108738 lazyload\" data-srcset=\"https:\/\/eldiariodesanpedro.com.ar\/sitio\/wp-content\/uploads\/2022\/07\/WhatsApp-Image-2022-07-07-at-5.34.26-PM.jpeg 945w, https:\/\/eldiariodesanpedro.com.ar\/sitio\/wp-content\/uploads\/2022\/07\/WhatsApp-Image-2022-07-07-at-5.34.26-PM-300x200.jpeg 300w, https:\/\/eldiariodesanpedro.com.ar\/sitio\/wp-content\/uploads\/2022\/07\/WhatsApp-Image-2022-07-07-at-5.34.26-PM-768x512.jpeg 768w\" data-sizes=\"(max-width: 945px) 100vw, 945px\" src=\"data:image\/svg+xml;base64,PHN2ZyB3aWR0aD0iMSIgaGVpZ2h0PSIxIiB4bWxucz0iaHR0cDovL3d3dy53My5vcmcvMjAwMC9zdmciPjwvc3ZnPg==\" style=\"--smush-placeholder-width: 945px; --smush-placeholder-aspect-ratio: 945\/630;\" \/><\/figure>\n\n\n\n<figure class=\"wp-block-image size-full\"><img decoding=\"async\" width=\"1018\" height=\"630\" data-attachment-id=\"108737\" data-permalink=\"https:\/\/eldiariodesanpedro.com.ar\/sitio\/estamos-en-tu-barrio-el-operativo-de-abordaje-territorial-en-pueblo-doyle\/whatsapp-image-2022-07-07-at-5-34-26-pm-1\/\" data-orig-file=\"https:\/\/eldiariodesanpedro.com.ar\/sitio\/wp-content\/uploads\/2022\/07\/WhatsApp-Image-2022-07-07-at-5.34.26-PM-1.jpeg\" data-orig-size=\"1018,630\" data-comments-opened=\"0\" data-image-meta=\"{&quot;aperture&quot;:&quot;0&quot;,&quot;credit&quot;:&quot;&quot;,&quot;camera&quot;:&quot;&quot;,&quot;caption&quot;:&quot;&quot;,&quot;created_timestamp&quot;:&quot;0&quot;,&quot;copyright&quot;:&quot;&quot;,&quot;focal_length&quot;:&quot;0&quot;,&quot;iso&quot;:&quot;0&quot;,&quot;shutter_speed&quot;:&quot;0&quot;,&quot;title&quot;:&quot;&quot;,&quot;orientation&quot;:&quot;0&quot;}\" data-image-title=\"WhatsApp Image 2022-07-07 at 5.34.26 PM (1)\" data-image-description=\"\" data-image-caption=\"\" data-large-file=\"https:\/\/eldiariodesanpedro.com.ar\/sitio\/wp-content\/uploads\/2022\/07\/WhatsApp-Image-2022-07-07-at-5.34.26-PM-1.jpeg\" data-src=\"https:\/\/eldiariodesanpedro.com.ar\/sitio\/wp-content\/uploads\/2022\/07\/WhatsApp-Image-2022-07-07-at-5.34.26-PM-1.jpeg\" alt=\"\" class=\"wp-image-108737 lazyload\" data-srcset=\"https:\/\/eldiariodesanpedro.com.ar\/sitio\/wp-content\/uploads\/2022\/07\/WhatsApp-Image-2022-07-07-at-5.34.26-PM-1.jpeg 1018w, https:\/\/eldiariodesanpedro.com.ar\/sitio\/wp-content\/uploads\/2022\/07\/WhatsApp-Image-2022-07-07-at-5.34.26-PM-1-300x186.jpeg 300w, https:\/\/eldiariodesanpedro.com.ar\/sitio\/wp-content\/uploads\/2022\/07\/WhatsApp-Image-2022-07-07-at-5.34.26-PM-1-768x475.jpeg 768w\" data-sizes=\"(max-width: 1018px) 100vw, 1018px\" src=\"data:image\/svg+xml;base64,PHN2ZyB3aWR0aD0iMSIgaGVpZ2h0PSIxIiB4bWxucz0iaHR0cDovL3d3dy53My5vcmcvMjAwMC9zdmciPjwvc3ZnPg==\" style=\"--smush-placeholder-width: 1018px; --smush-placeholder-aspect-ratio: 1018\/630;\" \/><\/figure>\n\n\n\n<figure class=\"wp-block-image size-full\"><img decoding=\"async\" width=\"992\" height=\"630\" data-attachment-id=\"108739\" data-permalink=\"https:\/\/eldiariodesanpedro.com.ar\/sitio\/estamos-en-tu-barrio-el-operativo-de-abordaje-territorial-en-pueblo-doyle\/whatsapp-image-2022-07-07-at-5-34-27-pm\/\" data-orig-file=\"https:\/\/eldiariodesanpedro.com.ar\/sitio\/wp-content\/uploads\/2022\/07\/WhatsApp-Image-2022-07-07-at-5.34.27-PM.jpeg\" data-orig-size=\"992,630\" data-comments-opened=\"0\" data-image-meta=\"{&quot;aperture&quot;:&quot;0&quot;,&quot;credit&quot;:&quot;&quot;,&quot;camera&quot;:&quot;&quot;,&quot;caption&quot;:&quot;&quot;,&quot;created_timestamp&quot;:&quot;0&quot;,&quot;copyright&quot;:&quot;&quot;,&quot;focal_length&quot;:&quot;0&quot;,&quot;iso&quot;:&quot;0&quot;,&quot;shutter_speed&quot;:&quot;0&quot;,&quot;title&quot;:&quot;&quot;,&quot;orientation&quot;:&quot;0&quot;}\" data-image-title=\"WhatsApp Image 2022-07-07 at 5.34.27 PM\" data-image-description=\"\" data-image-caption=\"\" data-large-file=\"https:\/\/eldiariodesanpedro.com.ar\/sitio\/wp-content\/uploads\/2022\/07\/WhatsApp-Image-2022-07-07-at-5.34.27-PM.jpeg\" data-src=\"https:\/\/eldiariodesanpedro.com.ar\/sitio\/wp-content\/uploads\/2022\/07\/WhatsApp-Image-2022-07-07-at-5.34.27-PM.jpeg\" alt=\"\" class=\"wp-image-108739 lazyload\" data-srcset=\"https:\/\/eldiariodesanpedro.com.ar\/sitio\/wp-content\/uploads\/2022\/07\/WhatsApp-Image-2022-07-07-at-5.34.27-PM.jpeg 992w, https:\/\/eldiariodesanpedro.com.ar\/sitio\/wp-content\/uploads\/2022\/07\/WhatsApp-Image-2022-07-07-at-5.34.27-PM-300x191.jpeg 300w, https:\/\/eldiariodesanpedro.com.ar\/sitio\/wp-content\/uploads\/2022\/07\/WhatsApp-Image-2022-07-07-at-5.34.27-PM-768x488.jpeg 768w\" data-sizes=\"(max-width: 992px) 100vw, 992px\" src=\"data:image\/svg+xml;base64,PHN2ZyB3aWR0aD0iMSIgaGVpZ2h0PSIxIiB4bWxucz0iaHR0cDovL3d3dy53My5vcmcvMjAwMC9zdmciPjwvc3ZnPg==\" style=\"--smush-placeholder-width: 992px; --smush-placeholder-aspect-ratio: 992\/630;\" \/><\/figure>\n","protected":false},"excerpt":{"rendered":"<p>Este jueves se concret\u00f3 en la Plaza de la Tradici\u00f3n de Pueblo Doyle una nueva jornada del operativo de abordaje territorial \u00abEstamos en tu barrio\u00bb organizado por la Municipalidad de San Pedro. Con muy buena concurrencia de vecinos y vecinas, las distintas \u00e1reas del municipio dieron atenci\u00f3n y respuesta a las consultas de la gente [&hellip;]<\/p>\n","protected":false},"author":4,"featured_media":108736,"comment_status":"closed","ping_status":"closed","sticky":false,"template":"","format":"standard","meta":{"om_disable_all_campaigns":false,"_jetpack_memberships_contains_paid_content":false,"footnotes":""},"categories":[50,101,2],"tags":[197,696,33,19],"class_list":["post-108735","post","type-post","status-publish","format-standard","has-post-thumbnail","hentry","category-destacadas","category-interes-general-locales","category-locales","tag-buenos-aires","tag-interes-general","tag-locales","tag-san-pedro"],"aioseo_notices":[],"gutentor_comment":0,"jetpack_featured_media_url":"https:\/\/eldiariodesanpedro.com.ar\/sitio\/wp-content\/uploads\/2022\/07\/WhatsApp-Image-2022-07-07-at-5.34.25-PM.jpeg","jetpack_shortlink":"https:\/\/wp.me\/p6RhLt-shN","jetpack_sharing_enabled":true,"_links":{"self":[{"href":"https:\/\/eldiariodesanpedro.com.ar\/sitio\/wp-json\/wp\/v2\/posts\/108735","targetHints":{"allow":["GET"]}}],"collection":[{"href":"https:\/\/eldiariodesanpedro.com.ar\/sitio\/wp-json\/wp\/v2\/posts"}],"about":[{"href":"https:\/\/eldiariodesanpedro.com.ar\/sitio\/wp-json\/wp\/v2\/types\/post"}],"author":[{"embeddable":true,"href":"https:\/\/eldiariodesanpedro.com.ar\/sitio\/wp-json\/wp\/v2\/users\/4"}],"replies":[{"embeddable":true,"href":"https:\/\/eldiariodesanpedro.com.ar\/sitio\/wp-json\/wp\/v2\/comments?post=108735"}],"version-history":[{"count":1,"href":"https:\/\/eldiariodesanpedro.com.ar\/sitio\/wp-json\/wp\/v2\/posts\/108735\/revisions"}],"predecessor-version":[{"id":108740,"href":"https:\/\/eldiariodesanpedro.com.ar\/sitio\/wp-json\/wp\/v2\/posts\/108735\/revisions\/108740"}],"wp:featuredmedia":[{"embeddable":true,"href":"https:\/\/eldiariodesanpedro.com.ar\/sitio\/wp-json\/wp\/v2\/media\/108736"}],"wp:attachment":[{"href":"https:\/\/eldiariodesanpedro.com.ar\/sitio\/wp-json\/wp\/v2\/media?parent=108735"}],"wp:term":[{"taxonomy":"category","embeddable":true,"href":"https:\/\/eldiariodesanpedro.com.ar\/sitio\/wp-json\/wp\/v2\/categories?post=108735"},{"taxonomy":"post_tag","embeddable":true,"href":"https:\/\/eldiariodesanpedro.com.ar\/sitio\/wp-json\/wp\/v2\/tags?post=108735"}],"curies":[{"name":"wp","href":"https:\/\/api.w.org\/{rel}","templated":true}]}}