{"id":108720,"date":"2022-07-07T18:18:45","date_gmt":"2022-07-07T21:18:45","guid":{"rendered":"https:\/\/eldiariodesanpedro.com.ar\/sitio\/?p=108720"},"modified":"2022-07-07T18:18:46","modified_gmt":"2022-07-07T21:18:46","slug":"edicto-de-sucesion-de-gimenez-sergio-dario","status":"publish","type":"post","link":"https:\/\/eldiariodesanpedro.com.ar\/sitio\/edicto-de-sucesion-de-gimenez-sergio-dario\/","title":{"rendered":"Edicto de Sucesi\u00f3n de Gimenez Sergio Dario"},"content":{"rendered":"<!-- VideographyWP Plugin Message: Automatic video embedding prevented by plugin options. -->\n\n<p>El Juzgado de Paz de San Pedro del Departamento judicial de San Nicol\u00e1s cita y emplaza por 30 d\u00edas a herederos y acreedores de <strong>Gimenez Sergio Dario<\/strong>. San Pedro, 07 de Junio de 2022.-<\/p>\n\n\n\n<p>FACUNDO VELL\u00d3N<br>ABOGADO SECRETARIO<\/p>\n\n\n\n<p>(Publicaci\u00f3n V\u00e1lida por los d\u00edas 07,\u00a0 08 y 09 de julio de 2022)<br><a href=\"https:\/\/notificaciones.scba.gov.ar\/verificarnotificacion.aspx?codNotif=DN9WU12J8WR4\">https:\/\/notificaciones.scba.gov.ar\/verificarnotificacion.aspx?codNotif=DN9WU12J8WR4<\/a><\/p>\n","protected":false},"excerpt":{"rendered":"<p>El Juzgado de Paz de San Pedro del Departamento judicial de San Nicol\u00e1s cita y emplaza por 30 d\u00edas a herederos y acreedores de Gimenez Sergio Dario. San Pedro, 07 de Junio de 2022.- FACUNDO VELL\u00d3NABOGADO SECRETARIO (Publicaci\u00f3n V\u00e1lida por los d\u00edas 07,\u00a0 08 y 09 de julio de 2022)https:\/\/notificaciones.scba.gov.ar\/verificarnotificacion.aspx?codNotif=DN9WU12J8WR4<\/p>\n","protected":false},"author":4,"featured_media":81115,"comment_status":"closed","ping_status":"closed","sticky":false,"template":"","format":"standard","meta":{"om_disable_all_campaigns":false,"_jetpack_memberships_contains_paid_content":false,"footnotes":""},"categories":[676,677],"tags":[197,1121,2913,1355,19,1122],"class_list":["post-108720","post","type-post","status-publish","format-standard","has-post-thumbnail","hentry","category-edictos","category-edictos-sucesorios","tag-buenos-aires","tag-edicto","tag-edicto-de-sucesion-de-gimenez-sergio-dario","tag-judiciales","tag-san-pedro","tag-sucesion"],"aioseo_notices":[],"gutentor_comment":0,"jetpack_featured_media_url":"https:\/\/eldiariodesanpedro.com.ar\/sitio\/wp-content\/uploads\/2020\/09\/Poder-Judicial.jpg","jetpack_shortlink":"https:\/\/wp.me\/p6RhLt-shy","jetpack_sharing_enabled":true,"_links":{"self":[{"href":"https:\/\/eldiariodesanpedro.com.ar\/sitio\/wp-json\/wp\/v2\/posts\/108720","targetHints":{"allow":["GET"]}}],"collection":[{"href":"https:\/\/eldiariodesanpedro.com.ar\/sitio\/wp-json\/wp\/v2\/posts"}],"about":[{"href":"https:\/\/eldiariodesanpedro.com.ar\/sitio\/wp-json\/wp\/v2\/types\/post"}],"author":[{"embeddable":true,"href":"https:\/\/eldiariodesanpedro.com.ar\/sitio\/wp-json\/wp\/v2\/users\/4"}],"replies":[{"embeddable":true,"href":"https:\/\/eldiariodesanpedro.com.ar\/sitio\/wp-json\/wp\/v2\/comments?post=108720"}],"version-history":[{"count":1,"href":"https:\/\/eldiariodesanpedro.com.ar\/sitio\/wp-json\/wp\/v2\/posts\/108720\/revisions"}],"predecessor-version":[{"id":108721,"href":"https:\/\/eldiariodesanpedro.com.ar\/sitio\/wp-json\/wp\/v2\/posts\/108720\/revisions\/108721"}],"wp:featuredmedia":[{"embeddable":true,"href":"https:\/\/eldiariodesanpedro.com.ar\/sitio\/wp-json\/wp\/v2\/media\/81115"}],"wp:attachment":[{"href":"https:\/\/eldiariodesanpedro.com.ar\/sitio\/wp-json\/wp\/v2\/media?parent=108720"}],"wp:term":[{"taxonomy":"category","embeddable":true,"href":"https:\/\/eldiariodesanpedro.com.ar\/sitio\/wp-json\/wp\/v2\/categories?post=108720"},{"taxonomy":"post_tag","embeddable":true,"href":"https:\/\/eldiariodesanpedro.com.ar\/sitio\/wp-json\/wp\/v2\/tags?post=108720"}],"curies":[{"name":"wp","href":"https:\/\/api.w.org\/{rel}","templated":true}]}}