{"id":108716,"date":"2022-07-07T17:53:00","date_gmt":"2022-07-07T20:53:00","guid":{"rendered":"https:\/\/eldiariodesanpedro.com.ar\/sitio\/?p=108716"},"modified":"2022-07-07T17:53:00","modified_gmt":"2022-07-07T20:53:00","slug":"edicto-de-sucesion-de-von-klitzing-guillermo-adolfo","status":"publish","type":"post","link":"https:\/\/eldiariodesanpedro.com.ar\/sitio\/edicto-de-sucesion-de-von-klitzing-guillermo-adolfo\/","title":{"rendered":"Edicto de Sucesi\u00f3n de Von Klitzing Guillermo Adolfo"},"content":{"rendered":"<!-- VideographyWP Plugin Message: Automatic video embedding prevented by plugin options. -->\n\n<p>El Juzgado de Paz Letrado de la Ciudad de San Pedro, cita y emplaza por treinta (30) d\u00edas a herederos y acreedores de Don <strong>Von Klitzing, Guillermo Adolfo<\/strong>, que se consideren con derecho a los bienes dejados por la causante para que dentro de treinta (30) d\u00edas lo acrediten (art. 734 inc. 2\u00ba del CPCC). &#8211; San Pedro, 05 de Julio de 2022.-<\/p>\n\n\n\n<p>FACUNDO VELL\u00d3N<br>ABOGADO SECRETARIO<\/p>\n\n\n\n<p>(Publicaci\u00f3n V\u00e1lida por los d\u00edas 07,&nbsp; 08 y 09 de julio de 2022)<br><a href=\"https:\/\/notificaciones.scba.gov.ar\/verificarnotificacion.aspx?codNotif=PR0T8X\">https:\/\/notificaciones.scba.gov.ar\/verificarnotificacion.aspx?codNotif=PR0T8X<\/a>&nbsp;<\/p>\n","protected":false},"excerpt":{"rendered":"<p>El Juzgado de Paz Letrado de la Ciudad de San Pedro, cita y emplaza por treinta (30) d\u00edas a herederos y acreedores de Don Von Klitzing, Guillermo Adolfo, que se consideren con derecho a los bienes dejados por la causante para que dentro de treinta (30) d\u00edas lo acrediten (art. 734 inc. 2\u00ba del CPCC). [&hellip;]<\/p>\n","protected":false},"author":4,"featured_media":81115,"comment_status":"closed","ping_status":"closed","sticky":false,"template":"","format":"standard","meta":{"om_disable_all_campaigns":false,"_jetpack_memberships_contains_paid_content":false,"footnotes":""},"categories":[676,677],"tags":[197,1121,1355,19,1122],"class_list":["post-108716","post","type-post","status-publish","format-standard","has-post-thumbnail","hentry","category-edictos","category-edictos-sucesorios","tag-buenos-aires","tag-edicto","tag-judiciales","tag-san-pedro","tag-sucesion"],"aioseo_notices":[],"gutentor_comment":0,"jetpack_featured_media_url":"https:\/\/eldiariodesanpedro.com.ar\/sitio\/wp-content\/uploads\/2020\/09\/Poder-Judicial.jpg","jetpack_shortlink":"https:\/\/wp.me\/p6RhLt-shu","jetpack_sharing_enabled":true,"_links":{"self":[{"href":"https:\/\/eldiariodesanpedro.com.ar\/sitio\/wp-json\/wp\/v2\/posts\/108716","targetHints":{"allow":["GET"]}}],"collection":[{"href":"https:\/\/eldiariodesanpedro.com.ar\/sitio\/wp-json\/wp\/v2\/posts"}],"about":[{"href":"https:\/\/eldiariodesanpedro.com.ar\/sitio\/wp-json\/wp\/v2\/types\/post"}],"author":[{"embeddable":true,"href":"https:\/\/eldiariodesanpedro.com.ar\/sitio\/wp-json\/wp\/v2\/users\/4"}],"replies":[{"embeddable":true,"href":"https:\/\/eldiariodesanpedro.com.ar\/sitio\/wp-json\/wp\/v2\/comments?post=108716"}],"version-history":[{"count":1,"href":"https:\/\/eldiariodesanpedro.com.ar\/sitio\/wp-json\/wp\/v2\/posts\/108716\/revisions"}],"predecessor-version":[{"id":108717,"href":"https:\/\/eldiariodesanpedro.com.ar\/sitio\/wp-json\/wp\/v2\/posts\/108716\/revisions\/108717"}],"wp:featuredmedia":[{"embeddable":true,"href":"https:\/\/eldiariodesanpedro.com.ar\/sitio\/wp-json\/wp\/v2\/media\/81115"}],"wp:attachment":[{"href":"https:\/\/eldiariodesanpedro.com.ar\/sitio\/wp-json\/wp\/v2\/media?parent=108716"}],"wp:term":[{"taxonomy":"category","embeddable":true,"href":"https:\/\/eldiariodesanpedro.com.ar\/sitio\/wp-json\/wp\/v2\/categories?post=108716"},{"taxonomy":"post_tag","embeddable":true,"href":"https:\/\/eldiariodesanpedro.com.ar\/sitio\/wp-json\/wp\/v2\/tags?post=108716"}],"curies":[{"name":"wp","href":"https:\/\/api.w.org\/{rel}","templated":true}]}}