{"id":108709,"date":"2022-07-07T13:39:19","date_gmt":"2022-07-07T16:39:19","guid":{"rendered":"https:\/\/eldiariodesanpedro.com.ar\/sitio\/?p=108709"},"modified":"2022-07-07T13:39:19","modified_gmt":"2022-07-07T16:39:19","slug":"un-nieto-amenazo-y-agredio-verbalmente-a-su-abuela-de-65-anos","status":"publish","type":"post","link":"https:\/\/eldiariodesanpedro.com.ar\/sitio\/un-nieto-amenazo-y-agredio-verbalmente-a-su-abuela-de-65-anos\/","title":{"rendered":"Un nieto amenaz\u00f3 y agredi\u00f3 verbalmente a su abuela de 65 a\u00f1os"},"content":{"rendered":"<!-- VideographyWP Plugin Message: Automatic video embedding prevented by plugin options. -->\n\n<p>Este mi\u00e9rcoles promediando las 15 horas polic\u00eda en calle 25 de Mayo al 1400 de San Pedro, aprehende masculino de 18 a\u00f1os de edad, tras amenazar a su abuela femenina de 65 a\u00f1os de edad, la v\u00edctima asistida en comisar\u00eda de la mujer local.&nbsp;<\/p>\n\n\n\n<p>Interviene UFI 11 local.-<\/p>\n","protected":false},"excerpt":{"rendered":"<p>Este mi\u00e9rcoles promediando las 15 horas polic\u00eda en calle 25 de Mayo al 1400 de San Pedro, aprehende masculino de 18 a\u00f1os de edad, tras amenazar a su abuela femenina de 65 a\u00f1os de edad, la v\u00edctima asistida en comisar\u00eda de la mujer local.&nbsp; Interviene UFI 11 local.-<\/p>\n","protected":false},"author":4,"featured_media":108710,"comment_status":"closed","ping_status":"closed","sticky":false,"template":"","format":"standard","meta":{"om_disable_all_campaigns":false,"_jetpack_memberships_contains_paid_content":false,"footnotes":""},"categories":[2,103],"tags":[197,33,95,19],"class_list":["post-108709","post","type-post","status-publish","format-standard","has-post-thumbnail","hentry","category-locales","category-policiales-locales","tag-buenos-aires","tag-locales","tag-policiales","tag-san-pedro"],"aioseo_notices":[],"gutentor_comment":0,"jetpack_featured_media_url":"https:\/\/eldiariodesanpedro.com.ar\/sitio\/wp-content\/uploads\/2022\/07\/WhatsApp-Image-2022-07-07-at-11.57.05-AM-1.jpeg","jetpack_shortlink":"https:\/\/wp.me\/p6RhLt-shn","jetpack_sharing_enabled":true,"_links":{"self":[{"href":"https:\/\/eldiariodesanpedro.com.ar\/sitio\/wp-json\/wp\/v2\/posts\/108709","targetHints":{"allow":["GET"]}}],"collection":[{"href":"https:\/\/eldiariodesanpedro.com.ar\/sitio\/wp-json\/wp\/v2\/posts"}],"about":[{"href":"https:\/\/eldiariodesanpedro.com.ar\/sitio\/wp-json\/wp\/v2\/types\/post"}],"author":[{"embeddable":true,"href":"https:\/\/eldiariodesanpedro.com.ar\/sitio\/wp-json\/wp\/v2\/users\/4"}],"replies":[{"embeddable":true,"href":"https:\/\/eldiariodesanpedro.com.ar\/sitio\/wp-json\/wp\/v2\/comments?post=108709"}],"version-history":[{"count":1,"href":"https:\/\/eldiariodesanpedro.com.ar\/sitio\/wp-json\/wp\/v2\/posts\/108709\/revisions"}],"predecessor-version":[{"id":108711,"href":"https:\/\/eldiariodesanpedro.com.ar\/sitio\/wp-json\/wp\/v2\/posts\/108709\/revisions\/108711"}],"wp:featuredmedia":[{"embeddable":true,"href":"https:\/\/eldiariodesanpedro.com.ar\/sitio\/wp-json\/wp\/v2\/media\/108710"}],"wp:attachment":[{"href":"https:\/\/eldiariodesanpedro.com.ar\/sitio\/wp-json\/wp\/v2\/media?parent=108709"}],"wp:term":[{"taxonomy":"category","embeddable":true,"href":"https:\/\/eldiariodesanpedro.com.ar\/sitio\/wp-json\/wp\/v2\/categories?post=108709"},{"taxonomy":"post_tag","embeddable":true,"href":"https:\/\/eldiariodesanpedro.com.ar\/sitio\/wp-json\/wp\/v2\/tags?post=108709"}],"curies":[{"name":"wp","href":"https:\/\/api.w.org\/{rel}","templated":true}]}}