{"id":108706,"date":"2022-07-07T13:05:48","date_gmt":"2022-07-07T16:05:48","guid":{"rendered":"https:\/\/eldiariodesanpedro.com.ar\/sitio\/?p=108706"},"modified":"2022-07-07T13:05:49","modified_gmt":"2022-07-07T16:05:49","slug":"un-aprehendido-con-arma-blanca-en-la-via-publica","status":"publish","type":"post","link":"https:\/\/eldiariodesanpedro.com.ar\/sitio\/un-aprehendido-con-arma-blanca-en-la-via-publica\/","title":{"rendered":"Un aprehendido con arma blanca en la v\u00eda p\u00fablica"},"content":{"rendered":"<!-- VideographyWP Plugin Message: Automatic video embedding prevented by plugin options. -->\n\n<p>Este mi\u00e9rcoles, en horas del mediod\u00eda el personal policial se hace presente en calle Liniers al 1300, aprehende a masculino de 19 a\u00f1os de edad, secuestr\u00e1ndose arma blanca tipo cuchillo.<br>Interviene el Juzgado Paz local por Infracci\u00f3n al c\u00f3digo de faltas ley 8031 .-<\/p>\n","protected":false},"excerpt":{"rendered":"<p>Este mi\u00e9rcoles, en horas del mediod\u00eda el personal policial se hace presente en calle Liniers al 1300, aprehende a masculino de 19 a\u00f1os de edad, secuestr\u00e1ndose arma blanca tipo cuchillo.Interviene el Juzgado Paz local por Infracci\u00f3n al c\u00f3digo de faltas ley 8031 .-<\/p>\n","protected":false},"author":4,"featured_media":108707,"comment_status":"closed","ping_status":"closed","sticky":false,"template":"","format":"standard","meta":{"om_disable_all_campaigns":false,"_jetpack_memberships_contains_paid_content":false,"footnotes":""},"categories":[2,103],"tags":[197,33,95,19],"class_list":["post-108706","post","type-post","status-publish","format-standard","has-post-thumbnail","hentry","category-locales","category-policiales-locales","tag-buenos-aires","tag-locales","tag-policiales","tag-san-pedro"],"aioseo_notices":[],"gutentor_comment":0,"jetpack_featured_media_url":"https:\/\/eldiariodesanpedro.com.ar\/sitio\/wp-content\/uploads\/2022\/07\/WhatsApp-Image-2022-07-07-at-11.56.55-AM.jpeg","jetpack_shortlink":"https:\/\/wp.me\/p6RhLt-shk","jetpack_sharing_enabled":true,"_links":{"self":[{"href":"https:\/\/eldiariodesanpedro.com.ar\/sitio\/wp-json\/wp\/v2\/posts\/108706","targetHints":{"allow":["GET"]}}],"collection":[{"href":"https:\/\/eldiariodesanpedro.com.ar\/sitio\/wp-json\/wp\/v2\/posts"}],"about":[{"href":"https:\/\/eldiariodesanpedro.com.ar\/sitio\/wp-json\/wp\/v2\/types\/post"}],"author":[{"embeddable":true,"href":"https:\/\/eldiariodesanpedro.com.ar\/sitio\/wp-json\/wp\/v2\/users\/4"}],"replies":[{"embeddable":true,"href":"https:\/\/eldiariodesanpedro.com.ar\/sitio\/wp-json\/wp\/v2\/comments?post=108706"}],"version-history":[{"count":1,"href":"https:\/\/eldiariodesanpedro.com.ar\/sitio\/wp-json\/wp\/v2\/posts\/108706\/revisions"}],"predecessor-version":[{"id":108708,"href":"https:\/\/eldiariodesanpedro.com.ar\/sitio\/wp-json\/wp\/v2\/posts\/108706\/revisions\/108708"}],"wp:featuredmedia":[{"embeddable":true,"href":"https:\/\/eldiariodesanpedro.com.ar\/sitio\/wp-json\/wp\/v2\/media\/108707"}],"wp:attachment":[{"href":"https:\/\/eldiariodesanpedro.com.ar\/sitio\/wp-json\/wp\/v2\/media?parent=108706"}],"wp:term":[{"taxonomy":"category","embeddable":true,"href":"https:\/\/eldiariodesanpedro.com.ar\/sitio\/wp-json\/wp\/v2\/categories?post=108706"},{"taxonomy":"post_tag","embeddable":true,"href":"https:\/\/eldiariodesanpedro.com.ar\/sitio\/wp-json\/wp\/v2\/tags?post=108706"}],"curies":[{"name":"wp","href":"https:\/\/api.w.org\/{rel}","templated":true}]}}