{"id":108700,"date":"2022-07-07T12:55:42","date_gmt":"2022-07-07T15:55:42","guid":{"rendered":"https:\/\/eldiariodesanpedro.com.ar\/sitio\/?p=108700"},"modified":"2022-07-07T12:55:42","modified_gmt":"2022-07-07T15:55:42","slug":"dos-sujetos-armados-fueron-aprehendidos-tras-una-discusion-vecinal-que-termino-en-una-gresca-hasta-donde-hubo-disparos-y-una-mujer-herida-de-un-balazo","status":"publish","type":"post","link":"https:\/\/eldiariodesanpedro.com.ar\/sitio\/dos-sujetos-armados-fueron-aprehendidos-tras-una-discusion-vecinal-que-termino-en-una-gresca-hasta-donde-hubo-disparos-y-una-mujer-herida-de-un-balazo\/","title":{"rendered":"Dos sujetos armados fueron aprehendidos tras una discusi\u00f3n vecinal que termin\u00f3 en una gresca hasta donde hubo disparos y una mujer herida de un balazo"},"content":{"rendered":"<!-- VideographyWP Plugin Message: Automatic video embedding prevented by plugin options. -->\n\n<p>En las primeras horas de la ma\u00f1ana de hoy el personal policial es alertado por un llamado al 911 y tras r\u00e1pido proceder se hace presente en avenida Nestor Kinrchner al 800 donde se aprehendi\u00f3 en infraganti delito a reconocidos delincuentes de 32 y 18 a\u00f1os de edad, quienes irrumpieron en vivienda a metros de ese lugar, uno portando arma de fuego, amenazando&nbsp; \u00e1 los presentes.&nbsp;<\/p>\n\n\n\n<p>El ciudadano de 42 a\u00f1os se trenz\u00f3 en lucha con los agresores, logrando sacarlos a la vereda, donde el sujeto armado efectu\u00f3 disparos lesionando a una mujer de 22 a\u00f1os que fue alcanzada por proyectil en miembro inferior sin riesgo.&nbsp;<\/p>\n\n\n\n<p>El morado de 42 a\u00f1os tambi\u00e9n result\u00f3 lesionado en la gresca con lesiones en cabeza y rostro leves, por su parte los aprehendidos se les secuestr\u00f3 una motocicleta que utilizaron para llegar al lugar e intentaban darse a la fuga, como as\u00ed el arma de fuego utilizada resultando un rev\u00f3lver con vainas servidas y cartuchos percutados.&nbsp;<\/p>\n\n\n\n<p>Primeros testimonios indicaron que todo comenz\u00f3 por diferencias personales entre vecinos.<\/p>\n\n\n\n<p>Se realizaron pericias de rigor a cargo de Polic\u00eda cient\u00edfica.&nbsp;&nbsp;<\/p>\n\n\n\n<p>Los aprehendidos permanecen en sede policial a disposici\u00f3n judicial. \u00a0<\/p>\n\n\n\n<figure class=\"wp-block-image size-full\"><img decoding=\"async\" width=\"573\" height=\"630\" data-attachment-id=\"108701\" data-permalink=\"https:\/\/eldiariodesanpedro.com.ar\/sitio\/dos-sujetos-armados-fueron-aprehendidos-tras-una-discusion-vecinal-que-termino-en-una-gresca-hasta-donde-hubo-disparos-y-una-mujer-herida-de-un-balazo\/whatsapp-image-2022-07-07-at-11-57-17-am-1\/\" data-orig-file=\"https:\/\/eldiariodesanpedro.com.ar\/sitio\/wp-content\/uploads\/2022\/07\/WhatsApp-Image-2022-07-07-at-11.57.17-AM-1.jpeg\" data-orig-size=\"573,630\" data-comments-opened=\"0\" data-image-meta=\"{&quot;aperture&quot;:&quot;0&quot;,&quot;credit&quot;:&quot;&quot;,&quot;camera&quot;:&quot;&quot;,&quot;caption&quot;:&quot;&quot;,&quot;created_timestamp&quot;:&quot;0&quot;,&quot;copyright&quot;:&quot;&quot;,&quot;focal_length&quot;:&quot;0&quot;,&quot;iso&quot;:&quot;0&quot;,&quot;shutter_speed&quot;:&quot;0&quot;,&quot;title&quot;:&quot;&quot;,&quot;orientation&quot;:&quot;0&quot;}\" data-image-title=\"WhatsApp Image 2022-07-07 at 11.57.17 AM (1)\" data-image-description=\"\" data-image-caption=\"\" data-large-file=\"https:\/\/eldiariodesanpedro.com.ar\/sitio\/wp-content\/uploads\/2022\/07\/WhatsApp-Image-2022-07-07-at-11.57.17-AM-1.jpeg\" data-src=\"https:\/\/eldiariodesanpedro.com.ar\/sitio\/wp-content\/uploads\/2022\/07\/WhatsApp-Image-2022-07-07-at-11.57.17-AM-1.jpeg\" alt=\"\" class=\"wp-image-108701 lazyload\" data-srcset=\"https:\/\/eldiariodesanpedro.com.ar\/sitio\/wp-content\/uploads\/2022\/07\/WhatsApp-Image-2022-07-07-at-11.57.17-AM-1.jpeg 573w, https:\/\/eldiariodesanpedro.com.ar\/sitio\/wp-content\/uploads\/2022\/07\/WhatsApp-Image-2022-07-07-at-11.57.17-AM-1-273x300.jpeg 273w\" data-sizes=\"(max-width: 573px) 100vw, 573px\" src=\"data:image\/svg+xml;base64,PHN2ZyB3aWR0aD0iMSIgaGVpZ2h0PSIxIiB4bWxucz0iaHR0cDovL3d3dy53My5vcmcvMjAwMC9zdmciPjwvc3ZnPg==\" style=\"--smush-placeholder-width: 573px; --smush-placeholder-aspect-ratio: 573\/630;\" \/><\/figure>\n\n\n\n<figure class=\"wp-block-image size-full\"><img decoding=\"async\" width=\"554\" height=\"630\" data-attachment-id=\"108704\" data-permalink=\"https:\/\/eldiariodesanpedro.com.ar\/sitio\/dos-sujetos-armados-fueron-aprehendidos-tras-una-discusion-vecinal-que-termino-en-una-gresca-hasta-donde-hubo-disparos-y-una-mujer-herida-de-un-balazo\/whatsapp-image-2022-07-07-at-11-57-18-am\/\" data-orig-file=\"https:\/\/eldiariodesanpedro.com.ar\/sitio\/wp-content\/uploads\/2022\/07\/WhatsApp-Image-2022-07-07-at-11.57.18-AM.jpeg\" data-orig-size=\"554,630\" data-comments-opened=\"0\" data-image-meta=\"{&quot;aperture&quot;:&quot;0&quot;,&quot;credit&quot;:&quot;&quot;,&quot;camera&quot;:&quot;&quot;,&quot;caption&quot;:&quot;&quot;,&quot;created_timestamp&quot;:&quot;0&quot;,&quot;copyright&quot;:&quot;&quot;,&quot;focal_length&quot;:&quot;0&quot;,&quot;iso&quot;:&quot;0&quot;,&quot;shutter_speed&quot;:&quot;0&quot;,&quot;title&quot;:&quot;&quot;,&quot;orientation&quot;:&quot;0&quot;}\" data-image-title=\"WhatsApp Image 2022-07-07 at 11.57.18 AM\" data-image-description=\"\" data-image-caption=\"\" data-large-file=\"https:\/\/eldiariodesanpedro.com.ar\/sitio\/wp-content\/uploads\/2022\/07\/WhatsApp-Image-2022-07-07-at-11.57.18-AM.jpeg\" data-src=\"https:\/\/eldiariodesanpedro.com.ar\/sitio\/wp-content\/uploads\/2022\/07\/WhatsApp-Image-2022-07-07-at-11.57.18-AM.jpeg\" alt=\"\" class=\"wp-image-108704 lazyload\" data-srcset=\"https:\/\/eldiariodesanpedro.com.ar\/sitio\/wp-content\/uploads\/2022\/07\/WhatsApp-Image-2022-07-07-at-11.57.18-AM.jpeg 554w, https:\/\/eldiariodesanpedro.com.ar\/sitio\/wp-content\/uploads\/2022\/07\/WhatsApp-Image-2022-07-07-at-11.57.18-AM-264x300.jpeg 264w\" data-sizes=\"(max-width: 554px) 100vw, 554px\" src=\"data:image\/svg+xml;base64,PHN2ZyB3aWR0aD0iMSIgaGVpZ2h0PSIxIiB4bWxucz0iaHR0cDovL3d3dy53My5vcmcvMjAwMC9zdmciPjwvc3ZnPg==\" style=\"--smush-placeholder-width: 554px; --smush-placeholder-aspect-ratio: 554\/630;\" \/><\/figure>\n\n\n\n<figure class=\"wp-block-image size-full\"><img decoding=\"async\" width=\"561\" height=\"630\" data-attachment-id=\"108703\" data-permalink=\"https:\/\/eldiariodesanpedro.com.ar\/sitio\/dos-sujetos-armados-fueron-aprehendidos-tras-una-discusion-vecinal-que-termino-en-una-gresca-hasta-donde-hubo-disparos-y-una-mujer-herida-de-un-balazo\/whatsapp-image-2022-07-07-at-11-57-18-am-1\/\" data-orig-file=\"https:\/\/eldiariodesanpedro.com.ar\/sitio\/wp-content\/uploads\/2022\/07\/WhatsApp-Image-2022-07-07-at-11.57.18-AM-1.jpeg\" data-orig-size=\"561,630\" data-comments-opened=\"0\" data-image-meta=\"{&quot;aperture&quot;:&quot;0&quot;,&quot;credit&quot;:&quot;&quot;,&quot;camera&quot;:&quot;&quot;,&quot;caption&quot;:&quot;&quot;,&quot;created_timestamp&quot;:&quot;0&quot;,&quot;copyright&quot;:&quot;&quot;,&quot;focal_length&quot;:&quot;0&quot;,&quot;iso&quot;:&quot;0&quot;,&quot;shutter_speed&quot;:&quot;0&quot;,&quot;title&quot;:&quot;&quot;,&quot;orientation&quot;:&quot;0&quot;}\" data-image-title=\"WhatsApp Image 2022-07-07 at 11.57.18 AM (1)\" data-image-description=\"\" data-image-caption=\"\" data-large-file=\"https:\/\/eldiariodesanpedro.com.ar\/sitio\/wp-content\/uploads\/2022\/07\/WhatsApp-Image-2022-07-07-at-11.57.18-AM-1.jpeg\" data-src=\"https:\/\/eldiariodesanpedro.com.ar\/sitio\/wp-content\/uploads\/2022\/07\/WhatsApp-Image-2022-07-07-at-11.57.18-AM-1.jpeg\" alt=\"\" class=\"wp-image-108703 lazyload\" data-srcset=\"https:\/\/eldiariodesanpedro.com.ar\/sitio\/wp-content\/uploads\/2022\/07\/WhatsApp-Image-2022-07-07-at-11.57.18-AM-1.jpeg 561w, https:\/\/eldiariodesanpedro.com.ar\/sitio\/wp-content\/uploads\/2022\/07\/WhatsApp-Image-2022-07-07-at-11.57.18-AM-1-267x300.jpeg 267w\" data-sizes=\"(max-width: 561px) 100vw, 561px\" src=\"data:image\/svg+xml;base64,PHN2ZyB3aWR0aD0iMSIgaGVpZ2h0PSIxIiB4bWxucz0iaHR0cDovL3d3dy53My5vcmcvMjAwMC9zdmciPjwvc3ZnPg==\" style=\"--smush-placeholder-width: 561px; --smush-placeholder-aspect-ratio: 561\/630;\" \/><\/figure>\n","protected":false},"excerpt":{"rendered":"<p>En las primeras horas de la ma\u00f1ana de hoy el personal policial es alertado por un llamado al 911 y tras r\u00e1pido proceder se hace presente en avenida Nestor Kinrchner al 800 donde se aprehendi\u00f3 en infraganti delito a reconocidos delincuentes de 32 y 18 a\u00f1os de edad, quienes irrumpieron en vivienda a metros de [&hellip;]<\/p>\n","protected":false},"author":4,"featured_media":108702,"comment_status":"closed","ping_status":"closed","sticky":false,"template":"","format":"standard","meta":{"om_disable_all_campaigns":false,"_jetpack_memberships_contains_paid_content":false,"footnotes":""},"categories":[50,2,103],"tags":[197,33,95,19],"class_list":["post-108700","post","type-post","status-publish","format-standard","has-post-thumbnail","hentry","category-destacadas","category-locales","category-policiales-locales","tag-buenos-aires","tag-locales","tag-policiales","tag-san-pedro"],"aioseo_notices":[],"gutentor_comment":0,"jetpack_featured_media_url":"https:\/\/eldiariodesanpedro.com.ar\/sitio\/wp-content\/uploads\/2022\/07\/WhatsApp-Image-2022-07-07-at-11.57.17-AM.jpeg","jetpack_shortlink":"https:\/\/wp.me\/p6RhLt-she","jetpack_sharing_enabled":true,"_links":{"self":[{"href":"https:\/\/eldiariodesanpedro.com.ar\/sitio\/wp-json\/wp\/v2\/posts\/108700","targetHints":{"allow":["GET"]}}],"collection":[{"href":"https:\/\/eldiariodesanpedro.com.ar\/sitio\/wp-json\/wp\/v2\/posts"}],"about":[{"href":"https:\/\/eldiariodesanpedro.com.ar\/sitio\/wp-json\/wp\/v2\/types\/post"}],"author":[{"embeddable":true,"href":"https:\/\/eldiariodesanpedro.com.ar\/sitio\/wp-json\/wp\/v2\/users\/4"}],"replies":[{"embeddable":true,"href":"https:\/\/eldiariodesanpedro.com.ar\/sitio\/wp-json\/wp\/v2\/comments?post=108700"}],"version-history":[{"count":1,"href":"https:\/\/eldiariodesanpedro.com.ar\/sitio\/wp-json\/wp\/v2\/posts\/108700\/revisions"}],"predecessor-version":[{"id":108705,"href":"https:\/\/eldiariodesanpedro.com.ar\/sitio\/wp-json\/wp\/v2\/posts\/108700\/revisions\/108705"}],"wp:featuredmedia":[{"embeddable":true,"href":"https:\/\/eldiariodesanpedro.com.ar\/sitio\/wp-json\/wp\/v2\/media\/108702"}],"wp:attachment":[{"href":"https:\/\/eldiariodesanpedro.com.ar\/sitio\/wp-json\/wp\/v2\/media?parent=108700"}],"wp:term":[{"taxonomy":"category","embeddable":true,"href":"https:\/\/eldiariodesanpedro.com.ar\/sitio\/wp-json\/wp\/v2\/categories?post=108700"},{"taxonomy":"post_tag","embeddable":true,"href":"https:\/\/eldiariodesanpedro.com.ar\/sitio\/wp-json\/wp\/v2\/tags?post=108700"}],"curies":[{"name":"wp","href":"https:\/\/api.w.org\/{rel}","templated":true}]}}