{"id":108691,"date":"2022-07-07T11:45:53","date_gmt":"2022-07-07T14:45:53","guid":{"rendered":"https:\/\/eldiariodesanpedro.com.ar\/sitio\/?p=108691"},"modified":"2022-07-07T11:45:54","modified_gmt":"2022-07-07T14:45:54","slug":"emocionante-inauguracion-del-jardin-n-919-en-el-barrio-de-banfield","status":"publish","type":"post","link":"https:\/\/eldiariodesanpedro.com.ar\/sitio\/emocionante-inauguracion-del-jardin-n-919-en-el-barrio-de-banfield\/","title":{"rendered":"Emocionante inauguraci\u00f3n del Jard\u00edn N\u00b0 919 en el barrio de Banfield"},"content":{"rendered":"<!-- VideographyWP Plugin Message: Automatic video embedding prevented by plugin options. -->\n\n<p>Ayer por la ma\u00f1ana se llev\u00f3 a cabo la esperada inauguraci\u00f3n del Jard\u00edn N\u00b0 919 a trav\u00e9s de un emotivo acto que encabez\u00f3 el Ministro de Educaci\u00f3n de la Naci\u00f3n Jaime Perczyk, junto al Intendente Dr. Ram\u00f3n Salazar y el ex Intendente, actual miembro del Directorio de Trenes Argentinos Cargas, Cecilio Salazar.<\/p>\n\n\n\n<p>En primera instancia, el Intendente Salazar recibi\u00f3 en el despacho oficial al Ministro Perczyk quienes compartieron una breve reuni\u00f3n junto al ex Intendente Cecilio Salazar, la Secretaria de Cooperaci\u00f3n Educativa y Acciones Prioritarias Andrea Garc\u00eda, el Secretario de Coordinaci\u00f3n Luciano Arias y el Secretario Coordinador del Consejo Provincial de Educaci\u00f3n y Trabajo Alan Ocampo.<\/p>\n\n\n\n<p>La actividad hab\u00eda sido originalmente programada en las puertas del jard\u00edn pero ante las condiciones clim\u00e1ticas debi\u00f3 realizarse en el interior y cont\u00f3 con la participaci\u00f3n de padres, alumnos, docentes, directivos, autoridades municipales, provinciales y nacionales.<\/p>\n\n\n\n<p>Los encargados de realizar el corte de cinta, junto al Ministro Perczyk, el Intendente Salazar fueron los ni\u00f1os y ni\u00f1as que asistir\u00e1n al jard\u00edn y que, de hoy en adelante, formar\u00e1n parte del establecimiento.<\/p>\n\n\n\n<p>Luego de cantar el Himno Nacional la Directora de la Instituci\u00f3n Karina Rossi agradeci\u00f3 a las autoridades presentes por la voluntad y el trabajo para la apertura del establecimiento.<\/p>\n\n\n\n<p>Por su parte la Directora Provincial de Educaci\u00f3n Inicial Patricia Redondo se refri\u00f3 a la importancia de la educaci\u00f3n inicial que \u201cbrinda los andamios necesarios para la escuela primaria\u201d y dese\u00f3 el \u201cmayor de los \u00e9xitos\u201d para esta nueva instituci\u00f3n.<\/p>\n\n\n\n<p>El Intendente Salazar agradeci\u00f3 a todos los que formaron parte y posibilitaron la apertura del Jard\u00edn 919, especialmente al ex Intendente Cecilio Salazar, quien \u201chizo todo el esfuerzo para que esto sea posible\u201d. Agradeci\u00f3 tambi\u00e9n al Gobierno Nacional \u201cque tom\u00f3 la decisi\u00f3n para que la obra pase a ser responsabilidad del Municipio de San Pedro, enviaron los fondos y hoy es una realidad\u201d y al Gobierno de la provincia de Buenos Aires por la pronta designaci\u00f3n en los cargos de directora, docentes y auxiliares, \u201centendiendo la necesidad de San Pedro de contar con m\u00e1s cupos para la educaci\u00f3n inicial\u201d, posibilitando la apertura e inmediata puesta en marcha del Jard\u00edn.<\/p>\n\n\n\n<p>\u201cCuando llegamos al gobierno todo este espacio era un terreno abandonado, la ex cancha de Banfield, y de a poco fuimos cambiando la realidad de este lugar, porque hoy tenemos en esta misma manzana la escuela secundaria N\u00b0 13, el play\u00f3n deportivo, la placita para los chicos y hoy estamos inaugurando este jard\u00edn\u201d declar\u00f3 el Dr. Salazar.<\/p>\n\n\n\n<p>Adem\u00e1s, el Jefe Comunal inform\u00f3 que fue autorizado por el Ministro el pedido del Gobierno Municipal de \u201cuna Escuela Secundaria en la zona del Jard\u00edn Frutillitas, un jard\u00edn m\u00e1s para San Pedro en la zona de la Escuela Normal y una Escuela Primaria en este mismo predio\u201d Tambi\u00e9n, que San Pedro ser\u00e1 parte del \u201cPrograma de 100 Escuelas T\u00e9cnicas de Educaci\u00f3n Profesional Secundaria\u201d que impulsa el Ministerio de Educaci\u00f3n de la Naci\u00f3n, asegurando que \u201ces fundamental para la educaci\u00f3n de nuestros chicos y chicas\u201d.<\/p>\n\n\n\n<p>El Ministro Jaime Perczyk se mostr\u00f3 muy contento por la apertura del Jard\u00edn y destac\u00f3 la importancia de la inauguraci\u00f3n.<\/p>\n\n\n\n<p>\u201cEn medio del lio que hay en el mundo, en medio del lio que hay en la Argentina, la provincia de Buenos Aires y San Pedro est\u00e1n abriendo un jard\u00edn\u201d manifest\u00f3, asegurando que \u201cesas son decisiones educativas, son decisiones econ\u00f3micas y son decisiones pol\u00edticas\u201d.<\/p>\n\n\n\n<p>Luego de finalizar el acto, el Ministro y el Intendente visitaron la Escuela de Educaci\u00f3n Secundaria N\u00b013 y recorrieron las aulas de segundo a\u00f1o en la que fueron entregadas durante la ma\u00f1ana 69 notebooks, en el marco del Programa Federal Juana Manso que se puso en marcha para relanzar el plan Conectar Igualdad.<\/p>\n\n\n\n<iframe data-src=\"https:\/\/www.facebook.com\/plugins\/video.php?height=314&#038;href=https%3A%2F%2Fwww.facebook.com%2Fdiariosp2%2Fvideos%2F413093864211699%2F&#038;show_text=false&#038;width=560&#038;t=0\" width=\"560\" height=\"314\" style=\"border:none;overflow:hidden\" scrolling=\"no\" frameborder=\"0\" allowfullscreen=\"true\" allow=\"autoplay; clipboard-write; encrypted-media; picture-in-picture; web-share\" allowFullScreen=\"true\" src=\"data:image\/svg+xml;base64,PHN2ZyB3aWR0aD0iMSIgaGVpZ2h0PSIxIiB4bWxucz0iaHR0cDovL3d3dy53My5vcmcvMjAwMC9zdmciPjwvc3ZnPg==\" class=\"lazyload\" data-load-mode=\"1\"><\/iframe>\n\n\n\n<figure class=\"wp-block-image size-full\"><img decoding=\"async\" width=\"966\" height=\"630\" data-attachment-id=\"108693\" data-permalink=\"https:\/\/eldiariodesanpedro.com.ar\/sitio\/emocionante-inauguracion-del-jardin-n-919-en-el-barrio-de-banfield\/whatsapp-image-2022-07-06-at-1-52-50-pm\/\" data-orig-file=\"https:\/\/eldiariodesanpedro.com.ar\/sitio\/wp-content\/uploads\/2022\/07\/WhatsApp-Image-2022-07-06-at-1.52.50-PM.jpeg\" data-orig-size=\"966,630\" data-comments-opened=\"0\" data-image-meta=\"{&quot;aperture&quot;:&quot;0&quot;,&quot;credit&quot;:&quot;&quot;,&quot;camera&quot;:&quot;&quot;,&quot;caption&quot;:&quot;&quot;,&quot;created_timestamp&quot;:&quot;0&quot;,&quot;copyright&quot;:&quot;&quot;,&quot;focal_length&quot;:&quot;0&quot;,&quot;iso&quot;:&quot;0&quot;,&quot;shutter_speed&quot;:&quot;0&quot;,&quot;title&quot;:&quot;&quot;,&quot;orientation&quot;:&quot;0&quot;}\" data-image-title=\"WhatsApp Image 2022-07-06 at 1.52.50 PM\" data-image-description=\"\" data-image-caption=\"\" data-large-file=\"https:\/\/eldiariodesanpedro.com.ar\/sitio\/wp-content\/uploads\/2022\/07\/WhatsApp-Image-2022-07-06-at-1.52.50-PM.jpeg\" data-src=\"https:\/\/eldiariodesanpedro.com.ar\/sitio\/wp-content\/uploads\/2022\/07\/WhatsApp-Image-2022-07-06-at-1.52.50-PM.jpeg\" alt=\"\" class=\"wp-image-108693 lazyload\" data-srcset=\"https:\/\/eldiariodesanpedro.com.ar\/sitio\/wp-content\/uploads\/2022\/07\/WhatsApp-Image-2022-07-06-at-1.52.50-PM.jpeg 966w, https:\/\/eldiariodesanpedro.com.ar\/sitio\/wp-content\/uploads\/2022\/07\/WhatsApp-Image-2022-07-06-at-1.52.50-PM-300x196.jpeg 300w, https:\/\/eldiariodesanpedro.com.ar\/sitio\/wp-content\/uploads\/2022\/07\/WhatsApp-Image-2022-07-06-at-1.52.50-PM-768x501.jpeg 768w\" data-sizes=\"(max-width: 966px) 100vw, 966px\" src=\"data:image\/svg+xml;base64,PHN2ZyB3aWR0aD0iMSIgaGVpZ2h0PSIxIiB4bWxucz0iaHR0cDovL3d3dy53My5vcmcvMjAwMC9zdmciPjwvc3ZnPg==\" style=\"--smush-placeholder-width: 966px; --smush-placeholder-aspect-ratio: 966\/630;\" \/><\/figure>\n\n\n\n<figure class=\"wp-block-image size-full\"><img decoding=\"async\" width=\"945\" height=\"630\" data-attachment-id=\"108695\" data-permalink=\"https:\/\/eldiariodesanpedro.com.ar\/sitio\/emocionante-inauguracion-del-jardin-n-919-en-el-barrio-de-banfield\/whatsapp-image-2022-07-06-at-1-52-54-pm\/\" data-orig-file=\"https:\/\/eldiariodesanpedro.com.ar\/sitio\/wp-content\/uploads\/2022\/07\/WhatsApp-Image-2022-07-06-at-1.52.54-PM.jpeg\" data-orig-size=\"945,630\" data-comments-opened=\"0\" data-image-meta=\"{&quot;aperture&quot;:&quot;0&quot;,&quot;credit&quot;:&quot;&quot;,&quot;camera&quot;:&quot;&quot;,&quot;caption&quot;:&quot;&quot;,&quot;created_timestamp&quot;:&quot;0&quot;,&quot;copyright&quot;:&quot;&quot;,&quot;focal_length&quot;:&quot;0&quot;,&quot;iso&quot;:&quot;0&quot;,&quot;shutter_speed&quot;:&quot;0&quot;,&quot;title&quot;:&quot;&quot;,&quot;orientation&quot;:&quot;0&quot;}\" data-image-title=\"WhatsApp Image 2022-07-06 at 1.52.54 PM\" data-image-description=\"\" data-image-caption=\"\" data-large-file=\"https:\/\/eldiariodesanpedro.com.ar\/sitio\/wp-content\/uploads\/2022\/07\/WhatsApp-Image-2022-07-06-at-1.52.54-PM.jpeg\" data-src=\"https:\/\/eldiariodesanpedro.com.ar\/sitio\/wp-content\/uploads\/2022\/07\/WhatsApp-Image-2022-07-06-at-1.52.54-PM.jpeg\" alt=\"\" class=\"wp-image-108695 lazyload\" data-srcset=\"https:\/\/eldiariodesanpedro.com.ar\/sitio\/wp-content\/uploads\/2022\/07\/WhatsApp-Image-2022-07-06-at-1.52.54-PM.jpeg 945w, https:\/\/eldiariodesanpedro.com.ar\/sitio\/wp-content\/uploads\/2022\/07\/WhatsApp-Image-2022-07-06-at-1.52.54-PM-300x200.jpeg 300w, https:\/\/eldiariodesanpedro.com.ar\/sitio\/wp-content\/uploads\/2022\/07\/WhatsApp-Image-2022-07-06-at-1.52.54-PM-768x512.jpeg 768w\" data-sizes=\"(max-width: 945px) 100vw, 945px\" src=\"data:image\/svg+xml;base64,PHN2ZyB3aWR0aD0iMSIgaGVpZ2h0PSIxIiB4bWxucz0iaHR0cDovL3d3dy53My5vcmcvMjAwMC9zdmciPjwvc3ZnPg==\" style=\"--smush-placeholder-width: 945px; --smush-placeholder-aspect-ratio: 945\/630;\" \/><\/figure>\n\n\n\n<figure class=\"wp-block-image size-full\"><img decoding=\"async\" width=\"915\" height=\"630\" data-attachment-id=\"108694\" data-permalink=\"https:\/\/eldiariodesanpedro.com.ar\/sitio\/emocionante-inauguracion-del-jardin-n-919-en-el-barrio-de-banfield\/whatsapp-image-2022-07-06-at-1-52-51-pm\/\" data-orig-file=\"https:\/\/eldiariodesanpedro.com.ar\/sitio\/wp-content\/uploads\/2022\/07\/WhatsApp-Image-2022-07-06-at-1.52.51-PM.jpeg\" data-orig-size=\"915,630\" data-comments-opened=\"0\" data-image-meta=\"{&quot;aperture&quot;:&quot;0&quot;,&quot;credit&quot;:&quot;&quot;,&quot;camera&quot;:&quot;&quot;,&quot;caption&quot;:&quot;&quot;,&quot;created_timestamp&quot;:&quot;0&quot;,&quot;copyright&quot;:&quot;&quot;,&quot;focal_length&quot;:&quot;0&quot;,&quot;iso&quot;:&quot;0&quot;,&quot;shutter_speed&quot;:&quot;0&quot;,&quot;title&quot;:&quot;&quot;,&quot;orientation&quot;:&quot;0&quot;}\" data-image-title=\"WhatsApp Image 2022-07-06 at 1.52.51 PM\" data-image-description=\"\" data-image-caption=\"\" data-large-file=\"https:\/\/eldiariodesanpedro.com.ar\/sitio\/wp-content\/uploads\/2022\/07\/WhatsApp-Image-2022-07-06-at-1.52.51-PM.jpeg\" data-src=\"https:\/\/eldiariodesanpedro.com.ar\/sitio\/wp-content\/uploads\/2022\/07\/WhatsApp-Image-2022-07-06-at-1.52.51-PM.jpeg\" alt=\"\" class=\"wp-image-108694 lazyload\" data-srcset=\"https:\/\/eldiariodesanpedro.com.ar\/sitio\/wp-content\/uploads\/2022\/07\/WhatsApp-Image-2022-07-06-at-1.52.51-PM.jpeg 915w, https:\/\/eldiariodesanpedro.com.ar\/sitio\/wp-content\/uploads\/2022\/07\/WhatsApp-Image-2022-07-06-at-1.52.51-PM-300x207.jpeg 300w, https:\/\/eldiariodesanpedro.com.ar\/sitio\/wp-content\/uploads\/2022\/07\/WhatsApp-Image-2022-07-06-at-1.52.51-PM-768x529.jpeg 768w\" data-sizes=\"(max-width: 915px) 100vw, 915px\" src=\"data:image\/svg+xml;base64,PHN2ZyB3aWR0aD0iMSIgaGVpZ2h0PSIxIiB4bWxucz0iaHR0cDovL3d3dy53My5vcmcvMjAwMC9zdmciPjwvc3ZnPg==\" style=\"--smush-placeholder-width: 915px; --smush-placeholder-aspect-ratio: 915\/630;\" \/><\/figure>\n\n\n\n<p><\/p>\n\n\n\n<figure class=\"wp-block-image size-full\"><img decoding=\"async\" width=\"965\" height=\"630\" data-attachment-id=\"108698\" data-permalink=\"https:\/\/eldiariodesanpedro.com.ar\/sitio\/emocionante-inauguracion-del-jardin-n-919-en-el-barrio-de-banfield\/whatsapp-image-2022-07-06-at-6-03-05-pm\/\" data-orig-file=\"https:\/\/eldiariodesanpedro.com.ar\/sitio\/wp-content\/uploads\/2022\/07\/WhatsApp-Image-2022-07-06-at-6.03.05-PM.jpeg\" data-orig-size=\"965,630\" data-comments-opened=\"0\" data-image-meta=\"{&quot;aperture&quot;:&quot;0&quot;,&quot;credit&quot;:&quot;&quot;,&quot;camera&quot;:&quot;&quot;,&quot;caption&quot;:&quot;&quot;,&quot;created_timestamp&quot;:&quot;0&quot;,&quot;copyright&quot;:&quot;&quot;,&quot;focal_length&quot;:&quot;0&quot;,&quot;iso&quot;:&quot;0&quot;,&quot;shutter_speed&quot;:&quot;0&quot;,&quot;title&quot;:&quot;&quot;,&quot;orientation&quot;:&quot;0&quot;}\" data-image-title=\"WhatsApp Image 2022-07-06 at 6.03.05 PM\" data-image-description=\"\" data-image-caption=\"\" data-large-file=\"https:\/\/eldiariodesanpedro.com.ar\/sitio\/wp-content\/uploads\/2022\/07\/WhatsApp-Image-2022-07-06-at-6.03.05-PM.jpeg\" data-src=\"https:\/\/eldiariodesanpedro.com.ar\/sitio\/wp-content\/uploads\/2022\/07\/WhatsApp-Image-2022-07-06-at-6.03.05-PM.jpeg\" alt=\"\" class=\"wp-image-108698 lazyload\" data-srcset=\"https:\/\/eldiariodesanpedro.com.ar\/sitio\/wp-content\/uploads\/2022\/07\/WhatsApp-Image-2022-07-06-at-6.03.05-PM.jpeg 965w, https:\/\/eldiariodesanpedro.com.ar\/sitio\/wp-content\/uploads\/2022\/07\/WhatsApp-Image-2022-07-06-at-6.03.05-PM-300x196.jpeg 300w, https:\/\/eldiariodesanpedro.com.ar\/sitio\/wp-content\/uploads\/2022\/07\/WhatsApp-Image-2022-07-06-at-6.03.05-PM-768x501.jpeg 768w\" data-sizes=\"(max-width: 965px) 100vw, 965px\" src=\"data:image\/svg+xml;base64,PHN2ZyB3aWR0aD0iMSIgaGVpZ2h0PSIxIiB4bWxucz0iaHR0cDovL3d3dy53My5vcmcvMjAwMC9zdmciPjwvc3ZnPg==\" style=\"--smush-placeholder-width: 965px; --smush-placeholder-aspect-ratio: 965\/630;\" \/><\/figure>\n\n\n\n<figure class=\"wp-block-image size-full\"><img decoding=\"async\" width=\"824\" height=\"630\" data-attachment-id=\"108697\" data-permalink=\"https:\/\/eldiariodesanpedro.com.ar\/sitio\/emocionante-inauguracion-del-jardin-n-919-en-el-barrio-de-banfield\/whatsapp-image-2022-07-06-at-6-02-56-pm\/\" data-orig-file=\"https:\/\/eldiariodesanpedro.com.ar\/sitio\/wp-content\/uploads\/2022\/07\/WhatsApp-Image-2022-07-06-at-6.02.56-PM.jpeg\" data-orig-size=\"824,630\" data-comments-opened=\"0\" data-image-meta=\"{&quot;aperture&quot;:&quot;0&quot;,&quot;credit&quot;:&quot;&quot;,&quot;camera&quot;:&quot;&quot;,&quot;caption&quot;:&quot;&quot;,&quot;created_timestamp&quot;:&quot;0&quot;,&quot;copyright&quot;:&quot;&quot;,&quot;focal_length&quot;:&quot;0&quot;,&quot;iso&quot;:&quot;0&quot;,&quot;shutter_speed&quot;:&quot;0&quot;,&quot;title&quot;:&quot;&quot;,&quot;orientation&quot;:&quot;0&quot;}\" data-image-title=\"WhatsApp Image 2022-07-06 at 6.02.56 PM\" data-image-description=\"\" data-image-caption=\"\" data-large-file=\"https:\/\/eldiariodesanpedro.com.ar\/sitio\/wp-content\/uploads\/2022\/07\/WhatsApp-Image-2022-07-06-at-6.02.56-PM.jpeg\" data-src=\"https:\/\/eldiariodesanpedro.com.ar\/sitio\/wp-content\/uploads\/2022\/07\/WhatsApp-Image-2022-07-06-at-6.02.56-PM.jpeg\" alt=\"\" class=\"wp-image-108697 lazyload\" data-srcset=\"https:\/\/eldiariodesanpedro.com.ar\/sitio\/wp-content\/uploads\/2022\/07\/WhatsApp-Image-2022-07-06-at-6.02.56-PM.jpeg 824w, https:\/\/eldiariodesanpedro.com.ar\/sitio\/wp-content\/uploads\/2022\/07\/WhatsApp-Image-2022-07-06-at-6.02.56-PM-300x229.jpeg 300w, https:\/\/eldiariodesanpedro.com.ar\/sitio\/wp-content\/uploads\/2022\/07\/WhatsApp-Image-2022-07-06-at-6.02.56-PM-768x587.jpeg 768w\" data-sizes=\"(max-width: 824px) 100vw, 824px\" src=\"data:image\/svg+xml;base64,PHN2ZyB3aWR0aD0iMSIgaGVpZ2h0PSIxIiB4bWxucz0iaHR0cDovL3d3dy53My5vcmcvMjAwMC9zdmciPjwvc3ZnPg==\" style=\"--smush-placeholder-width: 824px; --smush-placeholder-aspect-ratio: 824\/630;\" \/><\/figure>\n\n\n\n<figure class=\"wp-block-image size-large\"><img decoding=\"async\" width=\"1024\" height=\"627\" data-attachment-id=\"108696\" data-permalink=\"https:\/\/eldiariodesanpedro.com.ar\/sitio\/emocionante-inauguracion-del-jardin-n-919-en-el-barrio-de-banfield\/whatsapp-image-2022-07-06-at-6-02-55-pm\/\" data-orig-file=\"https:\/\/eldiariodesanpedro.com.ar\/sitio\/wp-content\/uploads\/2022\/07\/WhatsApp-Image-2022-07-06-at-6.02.55-PM.jpeg\" data-orig-size=\"1029,630\" data-comments-opened=\"0\" data-image-meta=\"{&quot;aperture&quot;:&quot;0&quot;,&quot;credit&quot;:&quot;&quot;,&quot;camera&quot;:&quot;&quot;,&quot;caption&quot;:&quot;&quot;,&quot;created_timestamp&quot;:&quot;0&quot;,&quot;copyright&quot;:&quot;&quot;,&quot;focal_length&quot;:&quot;0&quot;,&quot;iso&quot;:&quot;0&quot;,&quot;shutter_speed&quot;:&quot;0&quot;,&quot;title&quot;:&quot;&quot;,&quot;orientation&quot;:&quot;0&quot;}\" data-image-title=\"WhatsApp Image 2022-07-06 at 6.02.55 PM\" data-image-description=\"\" data-image-caption=\"\" data-large-file=\"https:\/\/eldiariodesanpedro.com.ar\/sitio\/wp-content\/uploads\/2022\/07\/WhatsApp-Image-2022-07-06-at-6.02.55-PM-1024x627.jpeg\" data-src=\"https:\/\/eldiariodesanpedro.com.ar\/sitio\/wp-content\/uploads\/2022\/07\/WhatsApp-Image-2022-07-06-at-6.02.55-PM-1024x627.jpeg\" alt=\"\" class=\"wp-image-108696 lazyload\" data-srcset=\"https:\/\/eldiariodesanpedro.com.ar\/sitio\/wp-content\/uploads\/2022\/07\/WhatsApp-Image-2022-07-06-at-6.02.55-PM-1024x627.jpeg 1024w, https:\/\/eldiariodesanpedro.com.ar\/sitio\/wp-content\/uploads\/2022\/07\/WhatsApp-Image-2022-07-06-at-6.02.55-PM-300x184.jpeg 300w, https:\/\/eldiariodesanpedro.com.ar\/sitio\/wp-content\/uploads\/2022\/07\/WhatsApp-Image-2022-07-06-at-6.02.55-PM-768x470.jpeg 768w, https:\/\/eldiariodesanpedro.com.ar\/sitio\/wp-content\/uploads\/2022\/07\/WhatsApp-Image-2022-07-06-at-6.02.55-PM.jpeg 1029w\" data-sizes=\"(max-width: 1024px) 100vw, 1024px\" src=\"data:image\/svg+xml;base64,PHN2ZyB3aWR0aD0iMSIgaGVpZ2h0PSIxIiB4bWxucz0iaHR0cDovL3d3dy53My5vcmcvMjAwMC9zdmciPjwvc3ZnPg==\" style=\"--smush-placeholder-width: 1024px; --smush-placeholder-aspect-ratio: 1024\/627;\" \/><\/figure>\n","protected":false},"excerpt":{"rendered":"<p>Ayer por la ma\u00f1ana se llev\u00f3 a cabo la esperada inauguraci\u00f3n del Jard\u00edn N\u00b0 919 a trav\u00e9s de un emotivo acto que encabez\u00f3 el Ministro de Educaci\u00f3n de la Naci\u00f3n Jaime Perczyk, junto al Intendente Dr. Ram\u00f3n Salazar y el ex Intendente, actual miembro del Directorio de Trenes Argentinos Cargas, Cecilio Salazar. En primera instancia, [&hellip;]<\/p>\n","protected":false},"author":4,"featured_media":108692,"comment_status":"closed","ping_status":"closed","sticky":false,"template":"","format":"standard","meta":{"om_disable_all_campaigns":false,"_jetpack_memberships_contains_paid_content":false,"footnotes":""},"categories":[50,101,2],"tags":[197,696,33,19],"class_list":["post-108691","post","type-post","status-publish","format-standard","has-post-thumbnail","hentry","category-destacadas","category-interes-general-locales","category-locales","tag-buenos-aires","tag-interes-general","tag-locales","tag-san-pedro"],"aioseo_notices":[],"gutentor_comment":0,"jetpack_featured_media_url":"https:\/\/eldiariodesanpedro.com.ar\/sitio\/wp-content\/uploads\/2022\/07\/DJI_0253.jpg","jetpack_shortlink":"https:\/\/wp.me\/p6RhLt-sh5","jetpack_sharing_enabled":true,"_links":{"self":[{"href":"https:\/\/eldiariodesanpedro.com.ar\/sitio\/wp-json\/wp\/v2\/posts\/108691","targetHints":{"allow":["GET"]}}],"collection":[{"href":"https:\/\/eldiariodesanpedro.com.ar\/sitio\/wp-json\/wp\/v2\/posts"}],"about":[{"href":"https:\/\/eldiariodesanpedro.com.ar\/sitio\/wp-json\/wp\/v2\/types\/post"}],"author":[{"embeddable":true,"href":"https:\/\/eldiariodesanpedro.com.ar\/sitio\/wp-json\/wp\/v2\/users\/4"}],"replies":[{"embeddable":true,"href":"https:\/\/eldiariodesanpedro.com.ar\/sitio\/wp-json\/wp\/v2\/comments?post=108691"}],"version-history":[{"count":1,"href":"https:\/\/eldiariodesanpedro.com.ar\/sitio\/wp-json\/wp\/v2\/posts\/108691\/revisions"}],"predecessor-version":[{"id":108699,"href":"https:\/\/eldiariodesanpedro.com.ar\/sitio\/wp-json\/wp\/v2\/posts\/108691\/revisions\/108699"}],"wp:featuredmedia":[{"embeddable":true,"href":"https:\/\/eldiariodesanpedro.com.ar\/sitio\/wp-json\/wp\/v2\/media\/108692"}],"wp:attachment":[{"href":"https:\/\/eldiariodesanpedro.com.ar\/sitio\/wp-json\/wp\/v2\/media?parent=108691"}],"wp:term":[{"taxonomy":"category","embeddable":true,"href":"https:\/\/eldiariodesanpedro.com.ar\/sitio\/wp-json\/wp\/v2\/categories?post=108691"},{"taxonomy":"post_tag","embeddable":true,"href":"https:\/\/eldiariodesanpedro.com.ar\/sitio\/wp-json\/wp\/v2\/tags?post=108691"}],"curies":[{"name":"wp","href":"https:\/\/api.w.org\/{rel}","templated":true}]}}