{"id":108680,"date":"2022-07-06T09:28:15","date_gmt":"2022-07-06T12:28:15","guid":{"rendered":"https:\/\/eldiariodesanpedro.com.ar\/sitio\/?p=108680"},"modified":"2022-07-06T09:28:15","modified_gmt":"2022-07-06T12:28:15","slug":"capacitacion-de-vialidad-en-las-instituciones-educativas","status":"publish","type":"post","link":"https:\/\/eldiariodesanpedro.com.ar\/sitio\/capacitacion-de-vialidad-en-las-instituciones-educativas\/","title":{"rendered":"Capacitaci\u00f3n de vialidad en las instituciones educativas"},"content":{"rendered":"<!-- VideographyWP Plugin Message: Automatic video embedding prevented by plugin options. -->\n\n<p>La Municipalidad de San Pedro, a trav\u00e9s de la Secretar\u00eda de Seguridad lleva a delante una serie de charlas de educaci\u00f3n vial en diferentes instituciones educativas de la ciudad, en esta ocasi\u00f3n a estudiantes de 6to grado de la Escuela Primaria N\u00b0 1 y de primer a\u00f1o de la Escuela Secundaria N\u00b0 8.<\/p>\n\n\n\n<p>La actividad fue encabezada por el secretario de Seguridad Diego Solana, junto a Leandra Ruiz capacitadora vial y Walter Lacuadra, director de Licencias de Conducir y se abordaron las tem\u00e1ticas: \u201cInterpretaci\u00f3n de las se\u00f1ales de tr\u00e1nsito\u201d y \u201cConcientizaci\u00f3n sobre el uso y la importancia del casco\u201d.<\/p>\n\n\n\n<p>Estas charlas educativas continuar\u00e1n en los diferentes establecimientos educativos de la ciudad con el objetivo de generar conciencia en estudiantes y su entorno familiar sobre la importancia de cumplir con las normas de tr\u00e1nsito, como la cantidad de personas que pueden circular en una motocicleta, entre otras cuestiones relacionadas a la seguridad vial y al correcto uso de la v\u00eda p\u00fablica.<\/p>\n\n\n\n<figure class=\"wp-block-image size-full\"><img decoding=\"async\" width=\"394\" height=\"630\" data-attachment-id=\"108682\" data-permalink=\"https:\/\/eldiariodesanpedro.com.ar\/sitio\/capacitacion-de-vialidad-en-las-instituciones-educativas\/whatsapp-image-2022-07-05-at-4-44-21-pm\/\" data-orig-file=\"https:\/\/eldiariodesanpedro.com.ar\/sitio\/wp-content\/uploads\/2022\/07\/WhatsApp-Image-2022-07-05-at-4.44.21-PM.jpeg\" data-orig-size=\"394,630\" data-comments-opened=\"0\" data-image-meta=\"{&quot;aperture&quot;:&quot;0&quot;,&quot;credit&quot;:&quot;&quot;,&quot;camera&quot;:&quot;&quot;,&quot;caption&quot;:&quot;&quot;,&quot;created_timestamp&quot;:&quot;0&quot;,&quot;copyright&quot;:&quot;&quot;,&quot;focal_length&quot;:&quot;0&quot;,&quot;iso&quot;:&quot;0&quot;,&quot;shutter_speed&quot;:&quot;0&quot;,&quot;title&quot;:&quot;&quot;,&quot;orientation&quot;:&quot;0&quot;}\" data-image-title=\"WhatsApp Image 2022-07-05 at 4.44.21 PM\" data-image-description=\"\" data-image-caption=\"\" data-large-file=\"https:\/\/eldiariodesanpedro.com.ar\/sitio\/wp-content\/uploads\/2022\/07\/WhatsApp-Image-2022-07-05-at-4.44.21-PM.jpeg\" data-src=\"https:\/\/eldiariodesanpedro.com.ar\/sitio\/wp-content\/uploads\/2022\/07\/WhatsApp-Image-2022-07-05-at-4.44.21-PM.jpeg\" alt=\"\" class=\"wp-image-108682 lazyload\" data-srcset=\"https:\/\/eldiariodesanpedro.com.ar\/sitio\/wp-content\/uploads\/2022\/07\/WhatsApp-Image-2022-07-05-at-4.44.21-PM.jpeg 394w, https:\/\/eldiariodesanpedro.com.ar\/sitio\/wp-content\/uploads\/2022\/07\/WhatsApp-Image-2022-07-05-at-4.44.21-PM-188x300.jpeg 188w\" data-sizes=\"(max-width: 394px) 100vw, 394px\" src=\"data:image\/svg+xml;base64,PHN2ZyB3aWR0aD0iMSIgaGVpZ2h0PSIxIiB4bWxucz0iaHR0cDovL3d3dy53My5vcmcvMjAwMC9zdmciPjwvc3ZnPg==\" style=\"--smush-placeholder-width: 394px; --smush-placeholder-aspect-ratio: 394\/630;\" \/><\/figure>\n","protected":false},"excerpt":{"rendered":"<p>La Municipalidad de San Pedro, a trav\u00e9s de la Secretar\u00eda de Seguridad lleva a delante una serie de charlas de educaci\u00f3n vial en diferentes instituciones educativas de la ciudad, en esta ocasi\u00f3n a estudiantes de 6to grado de la Escuela Primaria N\u00b0 1 y de primer a\u00f1o de la Escuela Secundaria N\u00b0 8. La actividad [&hellip;]<\/p>\n","protected":false},"author":4,"featured_media":108681,"comment_status":"closed","ping_status":"closed","sticky":false,"template":"","format":"standard","meta":{"om_disable_all_campaigns":false,"_jetpack_memberships_contains_paid_content":false,"footnotes":""},"categories":[50,101,2],"tags":[197,696,33,19],"class_list":["post-108680","post","type-post","status-publish","format-standard","has-post-thumbnail","hentry","category-destacadas","category-interes-general-locales","category-locales","tag-buenos-aires","tag-interes-general","tag-locales","tag-san-pedro"],"aioseo_notices":[],"gutentor_comment":0,"jetpack_featured_media_url":"https:\/\/eldiariodesanpedro.com.ar\/sitio\/wp-content\/uploads\/2022\/07\/WhatsApp-Image-2022-07-05-at-4.44.20-PM.jpeg","jetpack_shortlink":"https:\/\/wp.me\/p6RhLt-sgU","jetpack_sharing_enabled":true,"_links":{"self":[{"href":"https:\/\/eldiariodesanpedro.com.ar\/sitio\/wp-json\/wp\/v2\/posts\/108680","targetHints":{"allow":["GET"]}}],"collection":[{"href":"https:\/\/eldiariodesanpedro.com.ar\/sitio\/wp-json\/wp\/v2\/posts"}],"about":[{"href":"https:\/\/eldiariodesanpedro.com.ar\/sitio\/wp-json\/wp\/v2\/types\/post"}],"author":[{"embeddable":true,"href":"https:\/\/eldiariodesanpedro.com.ar\/sitio\/wp-json\/wp\/v2\/users\/4"}],"replies":[{"embeddable":true,"href":"https:\/\/eldiariodesanpedro.com.ar\/sitio\/wp-json\/wp\/v2\/comments?post=108680"}],"version-history":[{"count":1,"href":"https:\/\/eldiariodesanpedro.com.ar\/sitio\/wp-json\/wp\/v2\/posts\/108680\/revisions"}],"predecessor-version":[{"id":108683,"href":"https:\/\/eldiariodesanpedro.com.ar\/sitio\/wp-json\/wp\/v2\/posts\/108680\/revisions\/108683"}],"wp:featuredmedia":[{"embeddable":true,"href":"https:\/\/eldiariodesanpedro.com.ar\/sitio\/wp-json\/wp\/v2\/media\/108681"}],"wp:attachment":[{"href":"https:\/\/eldiariodesanpedro.com.ar\/sitio\/wp-json\/wp\/v2\/media?parent=108680"}],"wp:term":[{"taxonomy":"category","embeddable":true,"href":"https:\/\/eldiariodesanpedro.com.ar\/sitio\/wp-json\/wp\/v2\/categories?post=108680"},{"taxonomy":"post_tag","embeddable":true,"href":"https:\/\/eldiariodesanpedro.com.ar\/sitio\/wp-json\/wp\/v2\/tags?post=108680"}],"curies":[{"name":"wp","href":"https:\/\/api.w.org\/{rel}","templated":true}]}}