{"id":108677,"date":"2022-07-06T09:26:18","date_gmt":"2022-07-06T12:26:18","guid":{"rendered":"https:\/\/eldiariodesanpedro.com.ar\/sitio\/?p=108677"},"modified":"2022-07-06T09:26:19","modified_gmt":"2022-07-06T12:26:19","slug":"papel-prensa-dono-una-camilla-para-el-centro-de-salud-de-rio-tala","status":"publish","type":"post","link":"https:\/\/eldiariodesanpedro.com.ar\/sitio\/papel-prensa-dono-una-camilla-para-el-centro-de-salud-de-rio-tala\/","title":{"rendered":"Papel Prensa dono una camilla para el centro de salud de R\u00edo Tala"},"content":{"rendered":"<!-- VideographyWP Plugin Message: Automatic video embedding prevented by plugin options. -->\n\n<p>La Secretar\u00eda de Salud, la Direcci\u00f3n de Atenci\u00f3n Primaria y el Centro de Salud de R\u00edo Tala, hacen p\u00fablico el agradecimiento a Papel Prensa por la donaci\u00f3n de una camilla articulada.<\/p>\n\n\n\n<p>Representantes de la Municipalidad y de la empresa se encontraron hoy para materializar esta entrega muy valiosa desde lo material y tambi\u00e9n como respaldo para la tarea que desde la Salud P\u00fablica se realiza para los vecinos y vecinas del Partido de San Pedro.<\/p>\n","protected":false},"excerpt":{"rendered":"<p>La Secretar\u00eda de Salud, la Direcci\u00f3n de Atenci\u00f3n Primaria y el Centro de Salud de R\u00edo Tala, hacen p\u00fablico el agradecimiento a Papel Prensa por la donaci\u00f3n de una camilla articulada. Representantes de la Municipalidad y de la empresa se encontraron hoy para materializar esta entrega muy valiosa desde lo material y tambi\u00e9n como respaldo [&hellip;]<\/p>\n","protected":false},"author":4,"featured_media":108678,"comment_status":"closed","ping_status":"closed","sticky":false,"template":"","format":"standard","meta":{"om_disable_all_campaigns":false,"_jetpack_memberships_contains_paid_content":false,"footnotes":""},"categories":[101,2],"tags":[197,696,33,19],"class_list":["post-108677","post","type-post","status-publish","format-standard","has-post-thumbnail","hentry","category-interes-general-locales","category-locales","tag-buenos-aires","tag-interes-general","tag-locales","tag-san-pedro"],"aioseo_notices":[],"gutentor_comment":0,"jetpack_featured_media_url":"https:\/\/eldiariodesanpedro.com.ar\/sitio\/wp-content\/uploads\/2022\/07\/WhatsApp-Image-2022-07-05-at-4.33.15-PM.jpeg","jetpack_shortlink":"https:\/\/wp.me\/p6RhLt-sgR","jetpack_sharing_enabled":true,"_links":{"self":[{"href":"https:\/\/eldiariodesanpedro.com.ar\/sitio\/wp-json\/wp\/v2\/posts\/108677","targetHints":{"allow":["GET"]}}],"collection":[{"href":"https:\/\/eldiariodesanpedro.com.ar\/sitio\/wp-json\/wp\/v2\/posts"}],"about":[{"href":"https:\/\/eldiariodesanpedro.com.ar\/sitio\/wp-json\/wp\/v2\/types\/post"}],"author":[{"embeddable":true,"href":"https:\/\/eldiariodesanpedro.com.ar\/sitio\/wp-json\/wp\/v2\/users\/4"}],"replies":[{"embeddable":true,"href":"https:\/\/eldiariodesanpedro.com.ar\/sitio\/wp-json\/wp\/v2\/comments?post=108677"}],"version-history":[{"count":1,"href":"https:\/\/eldiariodesanpedro.com.ar\/sitio\/wp-json\/wp\/v2\/posts\/108677\/revisions"}],"predecessor-version":[{"id":108679,"href":"https:\/\/eldiariodesanpedro.com.ar\/sitio\/wp-json\/wp\/v2\/posts\/108677\/revisions\/108679"}],"wp:featuredmedia":[{"embeddable":true,"href":"https:\/\/eldiariodesanpedro.com.ar\/sitio\/wp-json\/wp\/v2\/media\/108678"}],"wp:attachment":[{"href":"https:\/\/eldiariodesanpedro.com.ar\/sitio\/wp-json\/wp\/v2\/media?parent=108677"}],"wp:term":[{"taxonomy":"category","embeddable":true,"href":"https:\/\/eldiariodesanpedro.com.ar\/sitio\/wp-json\/wp\/v2\/categories?post=108677"},{"taxonomy":"post_tag","embeddable":true,"href":"https:\/\/eldiariodesanpedro.com.ar\/sitio\/wp-json\/wp\/v2\/tags?post=108677"}],"curies":[{"name":"wp","href":"https:\/\/api.w.org\/{rel}","templated":true}]}}