{"id":108670,"date":"2022-07-06T09:24:01","date_gmt":"2022-07-06T12:24:01","guid":{"rendered":"https:\/\/eldiariodesanpedro.com.ar\/sitio\/?p=108670"},"modified":"2022-07-06T09:24:02","modified_gmt":"2022-07-06T12:24:02","slug":"actividades-para-el-fin-de-semana-y-acto-por-el-dia-de-la-independencia","status":"publish","type":"post","link":"https:\/\/eldiariodesanpedro.com.ar\/sitio\/actividades-para-el-fin-de-semana-y-acto-por-el-dia-de-la-independencia\/","title":{"rendered":"Actividades para el fin de semana y acto por el d\u00eda de la Independencia"},"content":{"rendered":"<!-- VideographyWP Plugin Message: Automatic video embedding prevented by plugin options. -->\n\n<p>Esta ma\u00f1ana, en la Secretar\u00eda de Turismo y Cultura fueron presentadas las actividades que se desarrollar\u00e1n en la ciudad y localidades durante el pr\u00f3ximo fin de semana con el acto protocolar por la conmemoraci\u00f3n del D\u00eda de la Independencia como actividad principal que se llevar\u00e1 a cabo en la Plaza San Mart\u00edn de Gobernador Castro el s\u00e1bado 9 de julio a las 10.00 hs.<\/p>\n\n\n\n<p>Los anuncios se realizaron a trav\u00e9s de una conferencia de prensa de la que participaron la secretaria de Turismo y Cultura Marcela Cu\u00f1er, el delegado Municipal \u00c1ngel \u00c1lvarez, Lucrecia Julia integrante del equipo que trabaja en la organizaci\u00f3n de la Pe\u00f1a de la Independencia que se desarrollar\u00e1 el domingo en plaza Belgrano y Roberto Gonz\u00e1lez, colaborador del \u00e1rea de cultura quien brind\u00f3 detalles de la obra que se llevar\u00e1 a cabo en el Teatro Municipal Siripo.<\/p>\n\n\n\n<p>Adem\u00e1s, se inform\u00f3 de la participaci\u00f3n, el viernes 8 de julio, de la Municipalidad de San Pedro, representada por la Secretar\u00eda de Turismo y Cultura en la 16\u00b0 edici\u00f3n de \u201cCaminos y Sabores\u201d que se realizar\u00e1 en el predio de la Rural del 7 al 10 de julio en la que se promocionar\u00e1, en un stand que posee el Gobierno de la Provincia de Buenos Aires, las pr\u00f3ximas fiestas relacionadas con alimentos con las que cuenta la ciudad en el calendario tur\u00edstico y cultural como la Fiesta de la Naranja de Ombligo a desarrollarse el 23 y 24 de julio y la Fiesta de la Batata en R\u00edo Tala.<\/p>\n\n\n\n<p>Acto por el d\u00eda de la Independencia: Las actividades comenzar\u00e1n a partir de las 10.00 hs. en plaza San Mart\u00edn de Gobernador Castro, donde se realizar\u00e1 el acto protocolar y contar\u00e1 con la participaci\u00f3n de la Escuela Secundaria N\u00b0 6, quienes cantar\u00e1n una canci\u00f3n y la Agrupaci\u00f3n \u201cFlor del Durazno\u201d. Se realizar\u00e1 el tradicional desfile de instituciones del que participar\u00e1n instituciones educativas, el cuerpo de bomberos y fuerzas de seguridad y finalmente los diferentes fortines realizar\u00e1n el cl\u00e1sico desfile. Adem\u00e1s, se colocar\u00e1 durante la jornada el busto del General San Mart\u00edn en la plaza que lleva su nombre.<\/p>\n\n\n\n<p>Teatro en el Siripo: Se presenta el s\u00e1bado a las 21 hs. \u201cFavaloro, un gran hombre\u201d, la obra escrita y dirigida por Adri\u00e1n Distefano, est\u00e1 inspirada en la vida del Dr. Ren\u00e9 Favaloro y narra su historia mezclada con ficci\u00f3n pero concentrando su trama en la lealtad, la honestidad y la igualdad, valores fundamentales del Dr.<\/p>\n\n\n\n<p>Pe\u00f1a de la Independencia: Se llevar\u00e1 a cabo el domingo 10 de julio desde las 12 hs. en la Plaza Belgrano una pe\u00f1a que contar\u00e1 con shows de ballet folkl\u00f3ricos, m\u00fasica en vivo, clases abiertas y gastronom\u00eda t\u00edpica.<\/p>\n\n\n\n<iframe data-src=\"https:\/\/www.facebook.com\/plugins\/video.php?height=314&#038;href=https%3A%2F%2Fwww.facebook.com%2Fdiariosp2%2Fvideos%2F534901288372167%2F&#038;show_text=false&#038;width=560&#038;t=0\" width=\"560\" height=\"314\" style=\"border:none;overflow:hidden\" scrolling=\"no\" frameborder=\"0\" allowfullscreen=\"true\" allow=\"autoplay; clipboard-write; encrypted-media; picture-in-picture; web-share\" allowFullScreen=\"true\" src=\"data:image\/svg+xml;base64,PHN2ZyB3aWR0aD0iMSIgaGVpZ2h0PSIxIiB4bWxucz0iaHR0cDovL3d3dy53My5vcmcvMjAwMC9zdmciPjwvc3ZnPg==\" class=\"lazyload\" data-load-mode=\"1\"><\/iframe>\n\n\n\n<figure class=\"wp-block-image size-full\"><img decoding=\"async\" width=\"630\" height=\"630\" data-attachment-id=\"108672\" data-permalink=\"https:\/\/eldiariodesanpedro.com.ar\/sitio\/actividades-para-el-fin-de-semana-y-acto-por-el-dia-de-la-independencia\/whatsapp-image-2022-07-05-at-1-19-53-pm-1\/\" data-orig-file=\"https:\/\/eldiariodesanpedro.com.ar\/sitio\/wp-content\/uploads\/2022\/07\/WhatsApp-Image-2022-07-05-at-1.19.53-PM-1.jpeg\" data-orig-size=\"630,630\" data-comments-opened=\"0\" data-image-meta=\"{&quot;aperture&quot;:&quot;0&quot;,&quot;credit&quot;:&quot;&quot;,&quot;camera&quot;:&quot;&quot;,&quot;caption&quot;:&quot;&quot;,&quot;created_timestamp&quot;:&quot;0&quot;,&quot;copyright&quot;:&quot;&quot;,&quot;focal_length&quot;:&quot;0&quot;,&quot;iso&quot;:&quot;0&quot;,&quot;shutter_speed&quot;:&quot;0&quot;,&quot;title&quot;:&quot;&quot;,&quot;orientation&quot;:&quot;0&quot;}\" data-image-title=\"WhatsApp Image 2022-07-05 at 1.19.53 PM (1)\" data-image-description=\"\" data-image-caption=\"\" data-large-file=\"https:\/\/eldiariodesanpedro.com.ar\/sitio\/wp-content\/uploads\/2022\/07\/WhatsApp-Image-2022-07-05-at-1.19.53-PM-1.jpeg\" data-src=\"https:\/\/eldiariodesanpedro.com.ar\/sitio\/wp-content\/uploads\/2022\/07\/WhatsApp-Image-2022-07-05-at-1.19.53-PM-1.jpeg\" alt=\"\" class=\"wp-image-108672 lazyload\" data-srcset=\"https:\/\/eldiariodesanpedro.com.ar\/sitio\/wp-content\/uploads\/2022\/07\/WhatsApp-Image-2022-07-05-at-1.19.53-PM-1.jpeg 630w, https:\/\/eldiariodesanpedro.com.ar\/sitio\/wp-content\/uploads\/2022\/07\/WhatsApp-Image-2022-07-05-at-1.19.53-PM-1-300x300.jpeg 300w, https:\/\/eldiariodesanpedro.com.ar\/sitio\/wp-content\/uploads\/2022\/07\/WhatsApp-Image-2022-07-05-at-1.19.53-PM-1-150x150.jpeg 150w\" data-sizes=\"(max-width: 630px) 100vw, 630px\" src=\"data:image\/svg+xml;base64,PHN2ZyB3aWR0aD0iMSIgaGVpZ2h0PSIxIiB4bWxucz0iaHR0cDovL3d3dy53My5vcmcvMjAwMC9zdmciPjwvc3ZnPg==\" style=\"--smush-placeholder-width: 630px; --smush-placeholder-aspect-ratio: 630\/630;\" \/><\/figure>\n\n\n\n<figure class=\"wp-block-image size-full\"><img decoding=\"async\" width=\"630\" height=\"630\" data-attachment-id=\"108674\" data-permalink=\"https:\/\/eldiariodesanpedro.com.ar\/sitio\/actividades-para-el-fin-de-semana-y-acto-por-el-dia-de-la-independencia\/whatsapp-image-2022-07-05-at-1-19-53-pm\/\" data-orig-file=\"https:\/\/eldiariodesanpedro.com.ar\/sitio\/wp-content\/uploads\/2022\/07\/WhatsApp-Image-2022-07-05-at-1.19.53-PM.jpeg\" data-orig-size=\"630,630\" data-comments-opened=\"0\" data-image-meta=\"{&quot;aperture&quot;:&quot;0&quot;,&quot;credit&quot;:&quot;&quot;,&quot;camera&quot;:&quot;&quot;,&quot;caption&quot;:&quot;&quot;,&quot;created_timestamp&quot;:&quot;0&quot;,&quot;copyright&quot;:&quot;&quot;,&quot;focal_length&quot;:&quot;0&quot;,&quot;iso&quot;:&quot;0&quot;,&quot;shutter_speed&quot;:&quot;0&quot;,&quot;title&quot;:&quot;&quot;,&quot;orientation&quot;:&quot;0&quot;}\" data-image-title=\"WhatsApp Image 2022-07-05 at 1.19.53 PM\" data-image-description=\"\" data-image-caption=\"\" data-large-file=\"https:\/\/eldiariodesanpedro.com.ar\/sitio\/wp-content\/uploads\/2022\/07\/WhatsApp-Image-2022-07-05-at-1.19.53-PM.jpeg\" data-src=\"https:\/\/eldiariodesanpedro.com.ar\/sitio\/wp-content\/uploads\/2022\/07\/WhatsApp-Image-2022-07-05-at-1.19.53-PM.jpeg\" alt=\"\" class=\"wp-image-108674 lazyload\" data-srcset=\"https:\/\/eldiariodesanpedro.com.ar\/sitio\/wp-content\/uploads\/2022\/07\/WhatsApp-Image-2022-07-05-at-1.19.53-PM.jpeg 630w, https:\/\/eldiariodesanpedro.com.ar\/sitio\/wp-content\/uploads\/2022\/07\/WhatsApp-Image-2022-07-05-at-1.19.53-PM-300x300.jpeg 300w, https:\/\/eldiariodesanpedro.com.ar\/sitio\/wp-content\/uploads\/2022\/07\/WhatsApp-Image-2022-07-05-at-1.19.53-PM-150x150.jpeg 150w\" data-sizes=\"(max-width: 630px) 100vw, 630px\" src=\"data:image\/svg+xml;base64,PHN2ZyB3aWR0aD0iMSIgaGVpZ2h0PSIxIiB4bWxucz0iaHR0cDovL3d3dy53My5vcmcvMjAwMC9zdmciPjwvc3ZnPg==\" style=\"--smush-placeholder-width: 630px; --smush-placeholder-aspect-ratio: 630\/630;\" \/><\/figure>\n\n\n\n<figure class=\"wp-block-image size-full\"><img decoding=\"async\" width=\"420\" height=\"630\" data-attachment-id=\"108673\" data-permalink=\"https:\/\/eldiariodesanpedro.com.ar\/sitio\/actividades-para-el-fin-de-semana-y-acto-por-el-dia-de-la-independencia\/whatsapp-image-2022-07-05-at-1-19-53-pm-2\/\" data-orig-file=\"https:\/\/eldiariodesanpedro.com.ar\/sitio\/wp-content\/uploads\/2022\/07\/WhatsApp-Image-2022-07-05-at-1.19.53-PM-2.jpeg\" data-orig-size=\"420,630\" data-comments-opened=\"0\" data-image-meta=\"{&quot;aperture&quot;:&quot;0&quot;,&quot;credit&quot;:&quot;&quot;,&quot;camera&quot;:&quot;&quot;,&quot;caption&quot;:&quot;&quot;,&quot;created_timestamp&quot;:&quot;0&quot;,&quot;copyright&quot;:&quot;&quot;,&quot;focal_length&quot;:&quot;0&quot;,&quot;iso&quot;:&quot;0&quot;,&quot;shutter_speed&quot;:&quot;0&quot;,&quot;title&quot;:&quot;&quot;,&quot;orientation&quot;:&quot;0&quot;}\" data-image-title=\"WhatsApp Image 2022-07-05 at 1.19.53 PM (2)\" data-image-description=\"\" data-image-caption=\"\" data-large-file=\"https:\/\/eldiariodesanpedro.com.ar\/sitio\/wp-content\/uploads\/2022\/07\/WhatsApp-Image-2022-07-05-at-1.19.53-PM-2.jpeg\" data-src=\"https:\/\/eldiariodesanpedro.com.ar\/sitio\/wp-content\/uploads\/2022\/07\/WhatsApp-Image-2022-07-05-at-1.19.53-PM-2.jpeg\" alt=\"\" class=\"wp-image-108673 lazyload\" data-srcset=\"https:\/\/eldiariodesanpedro.com.ar\/sitio\/wp-content\/uploads\/2022\/07\/WhatsApp-Image-2022-07-05-at-1.19.53-PM-2.jpeg 420w, https:\/\/eldiariodesanpedro.com.ar\/sitio\/wp-content\/uploads\/2022\/07\/WhatsApp-Image-2022-07-05-at-1.19.53-PM-2-200x300.jpeg 200w\" data-sizes=\"(max-width: 420px) 100vw, 420px\" src=\"data:image\/svg+xml;base64,PHN2ZyB3aWR0aD0iMSIgaGVpZ2h0PSIxIiB4bWxucz0iaHR0cDovL3d3dy53My5vcmcvMjAwMC9zdmciPjwvc3ZnPg==\" style=\"--smush-placeholder-width: 420px; --smush-placeholder-aspect-ratio: 420\/630;\" \/><\/figure>\n\n\n\n<figure class=\"wp-block-image size-full\"><img decoding=\"async\" width=\"630\" height=\"630\" data-attachment-id=\"108675\" data-permalink=\"https:\/\/eldiariodesanpedro.com.ar\/sitio\/actividades-para-el-fin-de-semana-y-acto-por-el-dia-de-la-independencia\/whatsapp-image-2022-07-05-at-1-19-54-pm\/\" data-orig-file=\"https:\/\/eldiariodesanpedro.com.ar\/sitio\/wp-content\/uploads\/2022\/07\/WhatsApp-Image-2022-07-05-at-1.19.54-PM.jpeg\" data-orig-size=\"630,630\" data-comments-opened=\"0\" data-image-meta=\"{&quot;aperture&quot;:&quot;0&quot;,&quot;credit&quot;:&quot;&quot;,&quot;camera&quot;:&quot;&quot;,&quot;caption&quot;:&quot;&quot;,&quot;created_timestamp&quot;:&quot;0&quot;,&quot;copyright&quot;:&quot;&quot;,&quot;focal_length&quot;:&quot;0&quot;,&quot;iso&quot;:&quot;0&quot;,&quot;shutter_speed&quot;:&quot;0&quot;,&quot;title&quot;:&quot;&quot;,&quot;orientation&quot;:&quot;0&quot;}\" data-image-title=\"WhatsApp Image 2022-07-05 at 1.19.54 PM\" data-image-description=\"\" data-image-caption=\"\" data-large-file=\"https:\/\/eldiariodesanpedro.com.ar\/sitio\/wp-content\/uploads\/2022\/07\/WhatsApp-Image-2022-07-05-at-1.19.54-PM.jpeg\" data-src=\"https:\/\/eldiariodesanpedro.com.ar\/sitio\/wp-content\/uploads\/2022\/07\/WhatsApp-Image-2022-07-05-at-1.19.54-PM.jpeg\" alt=\"\" class=\"wp-image-108675 lazyload\" data-srcset=\"https:\/\/eldiariodesanpedro.com.ar\/sitio\/wp-content\/uploads\/2022\/07\/WhatsApp-Image-2022-07-05-at-1.19.54-PM.jpeg 630w, https:\/\/eldiariodesanpedro.com.ar\/sitio\/wp-content\/uploads\/2022\/07\/WhatsApp-Image-2022-07-05-at-1.19.54-PM-300x300.jpeg 300w, https:\/\/eldiariodesanpedro.com.ar\/sitio\/wp-content\/uploads\/2022\/07\/WhatsApp-Image-2022-07-05-at-1.19.54-PM-150x150.jpeg 150w\" data-sizes=\"(max-width: 630px) 100vw, 630px\" src=\"data:image\/svg+xml;base64,PHN2ZyB3aWR0aD0iMSIgaGVpZ2h0PSIxIiB4bWxucz0iaHR0cDovL3d3dy53My5vcmcvMjAwMC9zdmciPjwvc3ZnPg==\" style=\"--smush-placeholder-width: 630px; --smush-placeholder-aspect-ratio: 630\/630;\" \/><\/figure>\n","protected":false},"excerpt":{"rendered":"<p>Esta ma\u00f1ana, en la Secretar\u00eda de Turismo y Cultura fueron presentadas las actividades que se desarrollar\u00e1n en la ciudad y localidades durante el pr\u00f3ximo fin de semana con el acto protocolar por la conmemoraci\u00f3n del D\u00eda de la Independencia como actividad principal que se llevar\u00e1 a cabo en la Plaza San Mart\u00edn de Gobernador Castro [&hellip;]<\/p>\n","protected":false},"author":4,"featured_media":108671,"comment_status":"closed","ping_status":"closed","sticky":false,"template":"","format":"standard","meta":{"om_disable_all_campaigns":false,"_jetpack_memberships_contains_paid_content":false,"footnotes":""},"categories":[50,101,2],"tags":[197,696,33,19],"class_list":["post-108670","post","type-post","status-publish","format-standard","has-post-thumbnail","hentry","category-destacadas","category-interes-general-locales","category-locales","tag-buenos-aires","tag-interes-general","tag-locales","tag-san-pedro"],"aioseo_notices":[],"gutentor_comment":0,"jetpack_featured_media_url":"https:\/\/eldiariodesanpedro.com.ar\/sitio\/wp-content\/uploads\/2022\/07\/WhatsApp-Image-2022-07-05-at-1.19.52-PM.jpeg","jetpack_shortlink":"https:\/\/wp.me\/p6RhLt-sgK","jetpack_sharing_enabled":true,"_links":{"self":[{"href":"https:\/\/eldiariodesanpedro.com.ar\/sitio\/wp-json\/wp\/v2\/posts\/108670","targetHints":{"allow":["GET"]}}],"collection":[{"href":"https:\/\/eldiariodesanpedro.com.ar\/sitio\/wp-json\/wp\/v2\/posts"}],"about":[{"href":"https:\/\/eldiariodesanpedro.com.ar\/sitio\/wp-json\/wp\/v2\/types\/post"}],"author":[{"embeddable":true,"href":"https:\/\/eldiariodesanpedro.com.ar\/sitio\/wp-json\/wp\/v2\/users\/4"}],"replies":[{"embeddable":true,"href":"https:\/\/eldiariodesanpedro.com.ar\/sitio\/wp-json\/wp\/v2\/comments?post=108670"}],"version-history":[{"count":1,"href":"https:\/\/eldiariodesanpedro.com.ar\/sitio\/wp-json\/wp\/v2\/posts\/108670\/revisions"}],"predecessor-version":[{"id":108676,"href":"https:\/\/eldiariodesanpedro.com.ar\/sitio\/wp-json\/wp\/v2\/posts\/108670\/revisions\/108676"}],"wp:featuredmedia":[{"embeddable":true,"href":"https:\/\/eldiariodesanpedro.com.ar\/sitio\/wp-json\/wp\/v2\/media\/108671"}],"wp:attachment":[{"href":"https:\/\/eldiariodesanpedro.com.ar\/sitio\/wp-json\/wp\/v2\/media?parent=108670"}],"wp:term":[{"taxonomy":"category","embeddable":true,"href":"https:\/\/eldiariodesanpedro.com.ar\/sitio\/wp-json\/wp\/v2\/categories?post=108670"},{"taxonomy":"post_tag","embeddable":true,"href":"https:\/\/eldiariodesanpedro.com.ar\/sitio\/wp-json\/wp\/v2\/tags?post=108670"}],"curies":[{"name":"wp","href":"https:\/\/api.w.org\/{rel}","templated":true}]}}