{"id":108664,"date":"2022-07-06T09:20:21","date_gmt":"2022-07-06T12:20:21","guid":{"rendered":"https:\/\/eldiariodesanpedro.com.ar\/sitio\/?p=108664"},"modified":"2022-07-06T09:20:22","modified_gmt":"2022-07-06T12:20:22","slug":"charla-informativa-sobre-cannabis-medicinal-y-canamo-industrial-2","status":"publish","type":"post","link":"https:\/\/eldiariodesanpedro.com.ar\/sitio\/charla-informativa-sobre-cannabis-medicinal-y-canamo-industrial-2\/","title":{"rendered":"Charla informativa sobre cannabis medicinal y c\u00e1\u00f1amo industrial"},"content":{"rendered":"<!-- VideographyWP Plugin Message: Automatic video embedding prevented by plugin options. -->\n\n<p>En el marco de la recientemente aprobada Ley N\u00ba 27.350 sobre Cannabis Medicinal y C\u00e1\u00f1amo Industrial, y con el objetivo de brindar un marco legal para la inversi\u00f3n p\u00fablica y privada en toda la cadena del cannabis medicinal y complementar la actual legislaci\u00f3n, se llev\u00f3 a cabo una primera jornada junto a Laboratorios Cannabis Argentina, organizada por la Secretaria de Desarrollo Econ\u00f3mico de la Municipalidad de San Pedro.<br>Tras la introducci\u00f3n a cargo del titular del \u00e1rea Mart\u00edn Baraybar, se presentaron diversos contenidos respecto al cannabis medicinal y c\u00e1\u00f1amo industrial, con ejes en \u201caspectos normativos y jur\u00eddicos del cannabis\u201d, expuestos por Juan Arrate Abogado y Socio fundador de Laboratorio Cannabis Argentina.<\/p>\n\n\n\n<p>En cuanto a los \u201caspectos agron\u00f3micos del cultivo Cannabis Sativa L\u201d, quien expuso fue Emilio Ponzio, Ingeniero Agr\u00f3nomo de Laboratorio Cannabis Argentina. Federico Larrecochea (FedEx), Director operativo de Laboratorio Cannabis Argentina habl\u00f3 sobre el \u201cMercado internacional y experiencias comerciales actuales\u201d.<\/p>\n\n\n\n<p>La ingeniera agr\u00f3noma Graciela Corbino del INTA San Pedro, doctora en Biotecnolog\u00eda por la Facultad de Farmacia y Bioqu\u00edmica de la UBA y docente de la c\u00e1tedra qu\u00edmica de Biomol\u00e9culas de FAUBA expuso respecto de los \u201cCompuestos y aspectos de calidad para uso medicinal\u201d.<\/p>\n\n\n\n<p>El m\u00e9dico sampedrino Joel Scorcelli, diplomado en Cannabis Medicinal realiz\u00f3 una presentaci\u00f3n sobre \u201caspectos medicinales del cannabis\u201d y el cierre de la jornada estuvo a cargo de Facundo L\u00f3pez detallando la experiencia en cultivos de gran escala.<\/p>\n\n\n\n<p>Adem\u00e1s, la charla se trasmiti\u00f3 online y pudieron participar virtualmente alrededor de 30 personas, quienes junto a las que asistieron de forma presencial pudieron escuchar atentamente a cada uno de los expositores y al final, hacer preguntas sobre dudas que quedaron pendientes y recibir informaci\u00f3n adicional con respecto a las normativas vigentes y en relaci\u00f3n a la nueva ley.<\/p>\n\n\n\n<figure class=\"wp-block-image size-large\"><img decoding=\"async\" width=\"1024\" height=\"461\" data-attachment-id=\"108666\" data-permalink=\"https:\/\/eldiariodesanpedro.com.ar\/sitio\/charla-informativa-sobre-cannabis-medicinal-y-canamo-industrial-2\/whatsapp-image-2022-07-05-at-12-58-21-pm-1\/\" data-orig-file=\"https:\/\/eldiariodesanpedro.com.ar\/sitio\/wp-content\/uploads\/2022\/07\/WhatsApp-Image-2022-07-05-at-12.58.21-PM-1.jpeg\" data-orig-size=\"1200,540\" data-comments-opened=\"0\" data-image-meta=\"{&quot;aperture&quot;:&quot;0&quot;,&quot;credit&quot;:&quot;&quot;,&quot;camera&quot;:&quot;&quot;,&quot;caption&quot;:&quot;&quot;,&quot;created_timestamp&quot;:&quot;0&quot;,&quot;copyright&quot;:&quot;&quot;,&quot;focal_length&quot;:&quot;0&quot;,&quot;iso&quot;:&quot;0&quot;,&quot;shutter_speed&quot;:&quot;0&quot;,&quot;title&quot;:&quot;&quot;,&quot;orientation&quot;:&quot;0&quot;}\" data-image-title=\"WhatsApp Image 2022-07-05 at 12.58.21 PM (1)\" data-image-description=\"\" data-image-caption=\"\" data-large-file=\"https:\/\/eldiariodesanpedro.com.ar\/sitio\/wp-content\/uploads\/2022\/07\/WhatsApp-Image-2022-07-05-at-12.58.21-PM-1-1024x461.jpeg\" data-src=\"https:\/\/eldiariodesanpedro.com.ar\/sitio\/wp-content\/uploads\/2022\/07\/WhatsApp-Image-2022-07-05-at-12.58.21-PM-1-1024x461.jpeg\" alt=\"\" class=\"wp-image-108666 lazyload\" data-srcset=\"https:\/\/eldiariodesanpedro.com.ar\/sitio\/wp-content\/uploads\/2022\/07\/WhatsApp-Image-2022-07-05-at-12.58.21-PM-1-1024x461.jpeg 1024w, https:\/\/eldiariodesanpedro.com.ar\/sitio\/wp-content\/uploads\/2022\/07\/WhatsApp-Image-2022-07-05-at-12.58.21-PM-1-300x135.jpeg 300w, https:\/\/eldiariodesanpedro.com.ar\/sitio\/wp-content\/uploads\/2022\/07\/WhatsApp-Image-2022-07-05-at-12.58.21-PM-1-768x346.jpeg 768w, https:\/\/eldiariodesanpedro.com.ar\/sitio\/wp-content\/uploads\/2022\/07\/WhatsApp-Image-2022-07-05-at-12.58.21-PM-1.jpeg 1200w\" data-sizes=\"(max-width: 1024px) 100vw, 1024px\" src=\"data:image\/svg+xml;base64,PHN2ZyB3aWR0aD0iMSIgaGVpZ2h0PSIxIiB4bWxucz0iaHR0cDovL3d3dy53My5vcmcvMjAwMC9zdmciPjwvc3ZnPg==\" style=\"--smush-placeholder-width: 1024px; --smush-placeholder-aspect-ratio: 1024\/461;\" \/><\/figure>\n\n\n\n<figure class=\"wp-block-image size-large\"><img decoding=\"async\" width=\"1024\" height=\"461\" data-attachment-id=\"108667\" data-permalink=\"https:\/\/eldiariodesanpedro.com.ar\/sitio\/charla-informativa-sobre-cannabis-medicinal-y-canamo-industrial-2\/whatsapp-image-2022-07-05-at-12-58-21-pm\/\" data-orig-file=\"https:\/\/eldiariodesanpedro.com.ar\/sitio\/wp-content\/uploads\/2022\/07\/WhatsApp-Image-2022-07-05-at-12.58.21-PM.jpeg\" data-orig-size=\"1200,540\" data-comments-opened=\"0\" data-image-meta=\"{&quot;aperture&quot;:&quot;0&quot;,&quot;credit&quot;:&quot;&quot;,&quot;camera&quot;:&quot;&quot;,&quot;caption&quot;:&quot;&quot;,&quot;created_timestamp&quot;:&quot;0&quot;,&quot;copyright&quot;:&quot;&quot;,&quot;focal_length&quot;:&quot;0&quot;,&quot;iso&quot;:&quot;0&quot;,&quot;shutter_speed&quot;:&quot;0&quot;,&quot;title&quot;:&quot;&quot;,&quot;orientation&quot;:&quot;0&quot;}\" data-image-title=\"WhatsApp Image 2022-07-05 at 12.58.21 PM\" data-image-description=\"\" data-image-caption=\"\" data-large-file=\"https:\/\/eldiariodesanpedro.com.ar\/sitio\/wp-content\/uploads\/2022\/07\/WhatsApp-Image-2022-07-05-at-12.58.21-PM-1024x461.jpeg\" data-src=\"https:\/\/eldiariodesanpedro.com.ar\/sitio\/wp-content\/uploads\/2022\/07\/WhatsApp-Image-2022-07-05-at-12.58.21-PM-1024x461.jpeg\" alt=\"\" class=\"wp-image-108667 lazyload\" data-srcset=\"https:\/\/eldiariodesanpedro.com.ar\/sitio\/wp-content\/uploads\/2022\/07\/WhatsApp-Image-2022-07-05-at-12.58.21-PM-1024x461.jpeg 1024w, https:\/\/eldiariodesanpedro.com.ar\/sitio\/wp-content\/uploads\/2022\/07\/WhatsApp-Image-2022-07-05-at-12.58.21-PM-300x135.jpeg 300w, https:\/\/eldiariodesanpedro.com.ar\/sitio\/wp-content\/uploads\/2022\/07\/WhatsApp-Image-2022-07-05-at-12.58.21-PM-768x346.jpeg 768w, https:\/\/eldiariodesanpedro.com.ar\/sitio\/wp-content\/uploads\/2022\/07\/WhatsApp-Image-2022-07-05-at-12.58.21-PM.jpeg 1200w\" data-sizes=\"(max-width: 1024px) 100vw, 1024px\" src=\"data:image\/svg+xml;base64,PHN2ZyB3aWR0aD0iMSIgaGVpZ2h0PSIxIiB4bWxucz0iaHR0cDovL3d3dy53My5vcmcvMjAwMC9zdmciPjwvc3ZnPg==\" style=\"--smush-placeholder-width: 1024px; --smush-placeholder-aspect-ratio: 1024\/461;\" \/><\/figure>\n\n\n\n<figure class=\"wp-block-image size-large\"><img decoding=\"async\" width=\"1024\" height=\"461\" data-attachment-id=\"108668\" data-permalink=\"https:\/\/eldiariodesanpedro.com.ar\/sitio\/charla-informativa-sobre-cannabis-medicinal-y-canamo-industrial-2\/whatsapp-image-2022-07-05-at-12-58-22-pm\/\" data-orig-file=\"https:\/\/eldiariodesanpedro.com.ar\/sitio\/wp-content\/uploads\/2022\/07\/WhatsApp-Image-2022-07-05-at-12.58.22-PM.jpeg\" data-orig-size=\"1200,540\" data-comments-opened=\"0\" data-image-meta=\"{&quot;aperture&quot;:&quot;0&quot;,&quot;credit&quot;:&quot;&quot;,&quot;camera&quot;:&quot;&quot;,&quot;caption&quot;:&quot;&quot;,&quot;created_timestamp&quot;:&quot;0&quot;,&quot;copyright&quot;:&quot;&quot;,&quot;focal_length&quot;:&quot;0&quot;,&quot;iso&quot;:&quot;0&quot;,&quot;shutter_speed&quot;:&quot;0&quot;,&quot;title&quot;:&quot;&quot;,&quot;orientation&quot;:&quot;0&quot;}\" data-image-title=\"WhatsApp Image 2022-07-05 at 12.58.22 PM\" data-image-description=\"\" data-image-caption=\"\" data-large-file=\"https:\/\/eldiariodesanpedro.com.ar\/sitio\/wp-content\/uploads\/2022\/07\/WhatsApp-Image-2022-07-05-at-12.58.22-PM-1024x461.jpeg\" data-src=\"https:\/\/eldiariodesanpedro.com.ar\/sitio\/wp-content\/uploads\/2022\/07\/WhatsApp-Image-2022-07-05-at-12.58.22-PM-1024x461.jpeg\" alt=\"\" class=\"wp-image-108668 lazyload\" data-srcset=\"https:\/\/eldiariodesanpedro.com.ar\/sitio\/wp-content\/uploads\/2022\/07\/WhatsApp-Image-2022-07-05-at-12.58.22-PM-1024x461.jpeg 1024w, https:\/\/eldiariodesanpedro.com.ar\/sitio\/wp-content\/uploads\/2022\/07\/WhatsApp-Image-2022-07-05-at-12.58.22-PM-300x135.jpeg 300w, https:\/\/eldiariodesanpedro.com.ar\/sitio\/wp-content\/uploads\/2022\/07\/WhatsApp-Image-2022-07-05-at-12.58.22-PM-768x346.jpeg 768w, https:\/\/eldiariodesanpedro.com.ar\/sitio\/wp-content\/uploads\/2022\/07\/WhatsApp-Image-2022-07-05-at-12.58.22-PM.jpeg 1200w\" data-sizes=\"(max-width: 1024px) 100vw, 1024px\" src=\"data:image\/svg+xml;base64,PHN2ZyB3aWR0aD0iMSIgaGVpZ2h0PSIxIiB4bWxucz0iaHR0cDovL3d3dy53My5vcmcvMjAwMC9zdmciPjwvc3ZnPg==\" style=\"--smush-placeholder-width: 1024px; --smush-placeholder-aspect-ratio: 1024\/461;\" \/><\/figure>\n","protected":false},"excerpt":{"rendered":"<p>En el marco de la recientemente aprobada Ley N\u00ba 27.350 sobre Cannabis Medicinal y C\u00e1\u00f1amo Industrial, y con el objetivo de brindar un marco legal para la inversi\u00f3n p\u00fablica y privada en toda la cadena del cannabis medicinal y complementar la actual legislaci\u00f3n, se llev\u00f3 a cabo una primera jornada junto a Laboratorios Cannabis Argentina, [&hellip;]<\/p>\n","protected":false},"author":4,"featured_media":108665,"comment_status":"closed","ping_status":"closed","sticky":false,"template":"","format":"standard","meta":{"om_disable_all_campaigns":false,"_jetpack_memberships_contains_paid_content":false,"footnotes":""},"categories":[50,101,2],"tags":[],"class_list":["post-108664","post","type-post","status-publish","format-standard","has-post-thumbnail","hentry","category-destacadas","category-interes-general-locales","category-locales"],"aioseo_notices":[],"gutentor_comment":0,"jetpack_featured_media_url":"https:\/\/eldiariodesanpedro.com.ar\/sitio\/wp-content\/uploads\/2022\/07\/WhatsApp-Image-2022-07-05-at-12.58.19-PM.jpeg","jetpack_shortlink":"https:\/\/wp.me\/p6RhLt-sgE","jetpack_sharing_enabled":true,"_links":{"self":[{"href":"https:\/\/eldiariodesanpedro.com.ar\/sitio\/wp-json\/wp\/v2\/posts\/108664","targetHints":{"allow":["GET"]}}],"collection":[{"href":"https:\/\/eldiariodesanpedro.com.ar\/sitio\/wp-json\/wp\/v2\/posts"}],"about":[{"href":"https:\/\/eldiariodesanpedro.com.ar\/sitio\/wp-json\/wp\/v2\/types\/post"}],"author":[{"embeddable":true,"href":"https:\/\/eldiariodesanpedro.com.ar\/sitio\/wp-json\/wp\/v2\/users\/4"}],"replies":[{"embeddable":true,"href":"https:\/\/eldiariodesanpedro.com.ar\/sitio\/wp-json\/wp\/v2\/comments?post=108664"}],"version-history":[{"count":1,"href":"https:\/\/eldiariodesanpedro.com.ar\/sitio\/wp-json\/wp\/v2\/posts\/108664\/revisions"}],"predecessor-version":[{"id":108669,"href":"https:\/\/eldiariodesanpedro.com.ar\/sitio\/wp-json\/wp\/v2\/posts\/108664\/revisions\/108669"}],"wp:featuredmedia":[{"embeddable":true,"href":"https:\/\/eldiariodesanpedro.com.ar\/sitio\/wp-json\/wp\/v2\/media\/108665"}],"wp:attachment":[{"href":"https:\/\/eldiariodesanpedro.com.ar\/sitio\/wp-json\/wp\/v2\/media?parent=108664"}],"wp:term":[{"taxonomy":"category","embeddable":true,"href":"https:\/\/eldiariodesanpedro.com.ar\/sitio\/wp-json\/wp\/v2\/categories?post=108664"},{"taxonomy":"post_tag","embeddable":true,"href":"https:\/\/eldiariodesanpedro.com.ar\/sitio\/wp-json\/wp\/v2\/tags?post=108664"}],"curies":[{"name":"wp","href":"https:\/\/api.w.org\/{rel}","templated":true}]}}