{"id":108657,"date":"2022-07-04T21:11:09","date_gmt":"2022-07-05T00:11:09","guid":{"rendered":"https:\/\/eldiariodesanpedro.com.ar\/sitio\/?p=108657"},"modified":"2022-07-04T21:11:10","modified_gmt":"2022-07-05T00:11:10","slug":"edicto-de-sucesion-de-vargas-alfredo-jacinto","status":"publish","type":"post","link":"https:\/\/eldiariodesanpedro.com.ar\/sitio\/edicto-de-sucesion-de-vargas-alfredo-jacinto\/","title":{"rendered":"Edicto de Sucesi\u00f3n de Vargas Alfredo Jacinto"},"content":{"rendered":"<!-- VideographyWP Plugin Message: Automatic video embedding prevented by plugin options. -->\n\n<p>El juzgado Civil y Comercial Nro. 6 Secretar\u00eda \u00danica del Departamento Judicial San Nicol\u00e1s, cita y emplaza por treinta d\u00edas a herederos y acreedores de Carmen Ester Vargas en autos \u201c<strong>Vargas Alfredo Jacinto<\/strong> y otro\/a sucesi\u00f3n ab-intestato\u201d.- San Nicol\u00e1s, 01 de Julio de 2022.-\u00a0\u00a0\u00a0<\/p>\n\n\n\n<p>HORMAZABAL JOSE ANTONIO<br>AUXILIAR LETRADO<\/p>\n\n\n\n<p>(Publicaci\u00f3n V\u00e1lida por los d\u00edas 04, 05 Y 06\u00a0 de julio de 2022)\u00a0<\/p>\n","protected":false},"excerpt":{"rendered":"<p>El juzgado Civil y Comercial Nro. 6 Secretar\u00eda \u00danica del Departamento Judicial San Nicol\u00e1s, cita y emplaza por treinta d\u00edas a herederos y acreedores de Carmen Ester Vargas en autos \u201cVargas Alfredo Jacinto y otro\/a sucesi\u00f3n ab-intestato\u201d.- San Nicol\u00e1s, 01 de Julio de 2022.-\u00a0\u00a0\u00a0 HORMAZABAL JOSE ANTONIOAUXILIAR LETRADO (Publicaci\u00f3n V\u00e1lida por los d\u00edas 04, 05 [&hellip;]<\/p>\n","protected":false},"author":4,"featured_media":81115,"comment_status":"closed","ping_status":"closed","sticky":false,"template":"","format":"standard","meta":{"om_disable_all_campaigns":false,"_jetpack_memberships_contains_paid_content":false,"footnotes":""},"categories":[676,677],"tags":[197,696,33,19],"class_list":["post-108657","post","type-post","status-publish","format-standard","has-post-thumbnail","hentry","category-edictos","category-edictos-sucesorios","tag-buenos-aires","tag-interes-general","tag-locales","tag-san-pedro"],"aioseo_notices":[],"gutentor_comment":0,"jetpack_featured_media_url":"https:\/\/eldiariodesanpedro.com.ar\/sitio\/wp-content\/uploads\/2020\/09\/Poder-Judicial.jpg","jetpack_shortlink":"https:\/\/wp.me\/p6RhLt-sgx","jetpack_sharing_enabled":true,"_links":{"self":[{"href":"https:\/\/eldiariodesanpedro.com.ar\/sitio\/wp-json\/wp\/v2\/posts\/108657","targetHints":{"allow":["GET"]}}],"collection":[{"href":"https:\/\/eldiariodesanpedro.com.ar\/sitio\/wp-json\/wp\/v2\/posts"}],"about":[{"href":"https:\/\/eldiariodesanpedro.com.ar\/sitio\/wp-json\/wp\/v2\/types\/post"}],"author":[{"embeddable":true,"href":"https:\/\/eldiariodesanpedro.com.ar\/sitio\/wp-json\/wp\/v2\/users\/4"}],"replies":[{"embeddable":true,"href":"https:\/\/eldiariodesanpedro.com.ar\/sitio\/wp-json\/wp\/v2\/comments?post=108657"}],"version-history":[{"count":1,"href":"https:\/\/eldiariodesanpedro.com.ar\/sitio\/wp-json\/wp\/v2\/posts\/108657\/revisions"}],"predecessor-version":[{"id":108658,"href":"https:\/\/eldiariodesanpedro.com.ar\/sitio\/wp-json\/wp\/v2\/posts\/108657\/revisions\/108658"}],"wp:featuredmedia":[{"embeddable":true,"href":"https:\/\/eldiariodesanpedro.com.ar\/sitio\/wp-json\/wp\/v2\/media\/81115"}],"wp:attachment":[{"href":"https:\/\/eldiariodesanpedro.com.ar\/sitio\/wp-json\/wp\/v2\/media?parent=108657"}],"wp:term":[{"taxonomy":"category","embeddable":true,"href":"https:\/\/eldiariodesanpedro.com.ar\/sitio\/wp-json\/wp\/v2\/categories?post=108657"},{"taxonomy":"post_tag","embeddable":true,"href":"https:\/\/eldiariodesanpedro.com.ar\/sitio\/wp-json\/wp\/v2\/tags?post=108657"}],"curies":[{"name":"wp","href":"https:\/\/api.w.org\/{rel}","templated":true}]}}