{"id":108654,"date":"2022-07-04T19:46:20","date_gmt":"2022-07-04T22:46:20","guid":{"rendered":"https:\/\/eldiariodesanpedro.com.ar\/sitio\/?p=108654"},"modified":"2022-07-04T19:46:20","modified_gmt":"2022-07-04T22:46:20","slug":"mensajero-bajo-de-su-moto-a-buscar-una-pizza-y-cuando-salio-ya-no-estaba-mas","status":"publish","type":"post","link":"https:\/\/eldiariodesanpedro.com.ar\/sitio\/mensajero-bajo-de-su-moto-a-buscar-una-pizza-y-cuando-salio-ya-no-estaba-mas\/","title":{"rendered":"Mensajero bajo de su moto a buscar una pizza y cuando sali\u00f3 ya no estaba m\u00e1s"},"content":{"rendered":"<!-- VideographyWP Plugin Message: Automatic video embedding prevented by plugin options. -->\n\n<p>En la noche de ayer, denunci\u00f3 un ciudadano de 25 a\u00f1os de edad, empleado de mensajer\u00eda \u201cla nueva\u201d, que siendo las 21 horas y mientras se encontraba en interior del comercio rubro pizzer\u00eda, ubicado en calle Mitre y Oliveira Cesar, deja su motocicleta en caj\u00f3n de estacionamiento con la llave colocada por unos minutos, y que al egresar constata que autores ignorados se la sustrajeron, siendo el rodado de la marca Motomel modelo B110 cc., de color gris.<\/p>\n\n\n\n<p>Interviene U.F.I. Nro. 11 Local.-<\/p>\n","protected":false},"excerpt":{"rendered":"<p>En la noche de ayer, denunci\u00f3 un ciudadano de 25 a\u00f1os de edad, empleado de mensajer\u00eda \u201cla nueva\u201d, que siendo las 21 horas y mientras se encontraba en interior del comercio rubro pizzer\u00eda, ubicado en calle Mitre y Oliveira Cesar, deja su motocicleta en caj\u00f3n de estacionamiento con la llave colocada por unos minutos, y [&hellip;]<\/p>\n","protected":false},"author":4,"featured_media":108655,"comment_status":"closed","ping_status":"closed","sticky":false,"template":"","format":"standard","meta":{"om_disable_all_campaigns":false,"_jetpack_memberships_contains_paid_content":false,"footnotes":""},"categories":[2,103],"tags":[197,33,95,19],"class_list":["post-108654","post","type-post","status-publish","format-standard","has-post-thumbnail","hentry","category-locales","category-policiales-locales","tag-buenos-aires","tag-locales","tag-policiales","tag-san-pedro"],"aioseo_notices":[],"gutentor_comment":0,"jetpack_featured_media_url":"https:\/\/eldiariodesanpedro.com.ar\/sitio\/wp-content\/uploads\/2022\/07\/iuyyfffdf.jpg","jetpack_shortlink":"https:\/\/wp.me\/p6RhLt-sgu","jetpack_sharing_enabled":true,"_links":{"self":[{"href":"https:\/\/eldiariodesanpedro.com.ar\/sitio\/wp-json\/wp\/v2\/posts\/108654","targetHints":{"allow":["GET"]}}],"collection":[{"href":"https:\/\/eldiariodesanpedro.com.ar\/sitio\/wp-json\/wp\/v2\/posts"}],"about":[{"href":"https:\/\/eldiariodesanpedro.com.ar\/sitio\/wp-json\/wp\/v2\/types\/post"}],"author":[{"embeddable":true,"href":"https:\/\/eldiariodesanpedro.com.ar\/sitio\/wp-json\/wp\/v2\/users\/4"}],"replies":[{"embeddable":true,"href":"https:\/\/eldiariodesanpedro.com.ar\/sitio\/wp-json\/wp\/v2\/comments?post=108654"}],"version-history":[{"count":1,"href":"https:\/\/eldiariodesanpedro.com.ar\/sitio\/wp-json\/wp\/v2\/posts\/108654\/revisions"}],"predecessor-version":[{"id":108656,"href":"https:\/\/eldiariodesanpedro.com.ar\/sitio\/wp-json\/wp\/v2\/posts\/108654\/revisions\/108656"}],"wp:featuredmedia":[{"embeddable":true,"href":"https:\/\/eldiariodesanpedro.com.ar\/sitio\/wp-json\/wp\/v2\/media\/108655"}],"wp:attachment":[{"href":"https:\/\/eldiariodesanpedro.com.ar\/sitio\/wp-json\/wp\/v2\/media?parent=108654"}],"wp:term":[{"taxonomy":"category","embeddable":true,"href":"https:\/\/eldiariodesanpedro.com.ar\/sitio\/wp-json\/wp\/v2\/categories?post=108654"},{"taxonomy":"post_tag","embeddable":true,"href":"https:\/\/eldiariodesanpedro.com.ar\/sitio\/wp-json\/wp\/v2\/tags?post=108654"}],"curies":[{"name":"wp","href":"https:\/\/api.w.org\/{rel}","templated":true}]}}