{"id":108650,"date":"2022-07-04T19:35:49","date_gmt":"2022-07-04T22:35:49","guid":{"rendered":"https:\/\/eldiariodesanpedro.com.ar\/sitio\/?p=108650"},"modified":"2022-07-04T19:35:50","modified_gmt":"2022-07-04T22:35:50","slug":"delincuente-fue-aprehendido-tras-haber-robado-dos-bicicletas","status":"publish","type":"post","link":"https:\/\/eldiariodesanpedro.com.ar\/sitio\/delincuente-fue-aprehendido-tras-haber-robado-dos-bicicletas\/","title":{"rendered":"Delincuente fue aprehendido tras haber robado dos bicicletas"},"content":{"rendered":"<!-- VideographyWP Plugin Message: Automatic video embedding prevented by plugin options. -->\n\n<p>En la noche de ayer, promediando las 22 horas, el personal policial en calle 25 de Mayo y Auli aprehende a delincuente de 16 a\u00f1os de edad, secuestr\u00e1ndosele bicicleta Mountainbike, Fire Bird R29, propiedad de un masculino de 56 a\u00f1os, sustra\u00edda instante previo de su domicilio, uybicado en calle Garrett 300, secuestrando adem\u00e1s en dicho domicilio, en v\u00eda p\u00fablica una bicicleta de dama, abandonada, rodado 26, de color verde: Constatando a posteriori que el delincuente la sustrajo previamente del estacionamiento de calle Pellegrini 800 sin violencia, abandon\u00e1ndola para llevarse la otra, propiedad de masculino de 42 a\u00f1os de edad.<br>Interviene U.F.I. del Joven.-<\/p>\n","protected":false},"excerpt":{"rendered":"<p>En la noche de ayer, promediando las 22 horas, el personal policial en calle 25 de Mayo y Auli aprehende a delincuente de 16 a\u00f1os de edad, secuestr\u00e1ndosele bicicleta Mountainbike, Fire Bird R29, propiedad de un masculino de 56 a\u00f1os, sustra\u00edda instante previo de su domicilio, uybicado en calle Garrett 300, secuestrando adem\u00e1s en dicho [&hellip;]<\/p>\n","protected":false},"author":4,"featured_media":108652,"comment_status":"closed","ping_status":"closed","sticky":false,"template":"","format":"standard","meta":{"om_disable_all_campaigns":false,"_jetpack_memberships_contains_paid_content":false,"footnotes":""},"categories":[2,103],"tags":[197,33,95,19],"class_list":["post-108650","post","type-post","status-publish","format-standard","has-post-thumbnail","hentry","category-locales","category-policiales-locales","tag-buenos-aires","tag-locales","tag-policiales","tag-san-pedro"],"aioseo_notices":[],"gutentor_comment":0,"jetpack_featured_media_url":"https:\/\/eldiariodesanpedro.com.ar\/sitio\/wp-content\/uploads\/2022\/07\/Instagram-11.png","jetpack_shortlink":"https:\/\/wp.me\/p6RhLt-sgq","jetpack_sharing_enabled":true,"_links":{"self":[{"href":"https:\/\/eldiariodesanpedro.com.ar\/sitio\/wp-json\/wp\/v2\/posts\/108650","targetHints":{"allow":["GET"]}}],"collection":[{"href":"https:\/\/eldiariodesanpedro.com.ar\/sitio\/wp-json\/wp\/v2\/posts"}],"about":[{"href":"https:\/\/eldiariodesanpedro.com.ar\/sitio\/wp-json\/wp\/v2\/types\/post"}],"author":[{"embeddable":true,"href":"https:\/\/eldiariodesanpedro.com.ar\/sitio\/wp-json\/wp\/v2\/users\/4"}],"replies":[{"embeddable":true,"href":"https:\/\/eldiariodesanpedro.com.ar\/sitio\/wp-json\/wp\/v2\/comments?post=108650"}],"version-history":[{"count":1,"href":"https:\/\/eldiariodesanpedro.com.ar\/sitio\/wp-json\/wp\/v2\/posts\/108650\/revisions"}],"predecessor-version":[{"id":108653,"href":"https:\/\/eldiariodesanpedro.com.ar\/sitio\/wp-json\/wp\/v2\/posts\/108650\/revisions\/108653"}],"wp:featuredmedia":[{"embeddable":true,"href":"https:\/\/eldiariodesanpedro.com.ar\/sitio\/wp-json\/wp\/v2\/media\/108652"}],"wp:attachment":[{"href":"https:\/\/eldiariodesanpedro.com.ar\/sitio\/wp-json\/wp\/v2\/media?parent=108650"}],"wp:term":[{"taxonomy":"category","embeddable":true,"href":"https:\/\/eldiariodesanpedro.com.ar\/sitio\/wp-json\/wp\/v2\/categories?post=108650"},{"taxonomy":"post_tag","embeddable":true,"href":"https:\/\/eldiariodesanpedro.com.ar\/sitio\/wp-json\/wp\/v2\/tags?post=108650"}],"curies":[{"name":"wp","href":"https:\/\/api.w.org\/{rel}","templated":true}]}}