{"id":108648,"date":"2022-07-04T19:21:33","date_gmt":"2022-07-04T22:21:33","guid":{"rendered":"https:\/\/eldiariodesanpedro.com.ar\/sitio\/?p=108648"},"modified":"2022-07-04T19:21:34","modified_gmt":"2022-07-04T22:21:34","slug":"delincuente-le-roba-un-celular-a-una-nina-de-seis-anos-de-edad-que-estaba-sola-dentro-de-una-camioneta-mientras-su-madre-estaba-con-una-amiga","status":"publish","type":"post","link":"https:\/\/eldiariodesanpedro.com.ar\/sitio\/delincuente-le-roba-un-celular-a-una-nina-de-seis-anos-de-edad-que-estaba-sola-dentro-de-una-camioneta-mientras-su-madre-estaba-con-una-amiga\/","title":{"rendered":"Delincuente le roba un celular a una ni\u00f1a de seis a\u00f1os de edad que estaba sola dentro de una camioneta mientras su madre estaba con una amiga"},"content":{"rendered":"<!-- VideographyWP Plugin Message: Automatic video embedding prevented by plugin options. -->\n\n<p>Este domingo ocurri\u00f3 un hecho incre\u00edble donde una ni\u00f1a de 6 a\u00f1os que estaba sola en el auto mientras su madre baj\u00f3 a la casa de una amiga, un delincuente entr\u00f3 al auto y le quit\u00f3 el celular a la ni\u00f1a que le hab\u00eda dejado para entretenerla.<\/p>\n\n\n\n<p>En el d\u00eda de ayer domingo denunci\u00f3 una mujer de 26 a\u00f1os, que momentos en el cual se encontraba en el domicilio de su amiga, ubicado en calle Cruz Roja al 2000, estando su hija de seis a\u00f1os de edad arriba de la camioneta, la ni\u00f1a le informa que un masculino abri\u00f3 la puerta del rodado y le sustrajo el tel\u00e9fono celular de su mano, siendo \u00e9ste de marca Motorola modelo Moto G71.<\/p>\n\n\n\n<p>Interviene U.F.I. 11 Local.-<\/p>\n","protected":false},"excerpt":{"rendered":"<p>Este domingo ocurri\u00f3 un hecho incre\u00edble donde una ni\u00f1a de 6 a\u00f1os que estaba sola en el auto mientras su madre baj\u00f3 a la casa de una amiga, un delincuente entr\u00f3 al auto y le quit\u00f3 el celular a la ni\u00f1a que le hab\u00eda dejado para entretenerla. En el d\u00eda de ayer domingo denunci\u00f3 una [&hellip;]<\/p>\n","protected":false},"author":4,"featured_media":77860,"comment_status":"closed","ping_status":"closed","sticky":false,"template":"","format":"standard","meta":{"om_disable_all_campaigns":false,"_jetpack_memberships_contains_paid_content":false,"footnotes":""},"categories":[2,103],"tags":[197,33,95,19],"class_list":["post-108648","post","type-post","status-publish","format-standard","has-post-thumbnail","hentry","category-locales","category-policiales-locales","tag-buenos-aires","tag-locales","tag-policiales","tag-san-pedro"],"aioseo_notices":[],"gutentor_comment":0,"jetpack_featured_media_url":"https:\/\/eldiariodesanpedro.com.ar\/sitio\/wp-content\/uploads\/2020\/07\/000085506.jpg","jetpack_shortlink":"https:\/\/wp.me\/p6RhLt-sgo","jetpack_sharing_enabled":true,"_links":{"self":[{"href":"https:\/\/eldiariodesanpedro.com.ar\/sitio\/wp-json\/wp\/v2\/posts\/108648","targetHints":{"allow":["GET"]}}],"collection":[{"href":"https:\/\/eldiariodesanpedro.com.ar\/sitio\/wp-json\/wp\/v2\/posts"}],"about":[{"href":"https:\/\/eldiariodesanpedro.com.ar\/sitio\/wp-json\/wp\/v2\/types\/post"}],"author":[{"embeddable":true,"href":"https:\/\/eldiariodesanpedro.com.ar\/sitio\/wp-json\/wp\/v2\/users\/4"}],"replies":[{"embeddable":true,"href":"https:\/\/eldiariodesanpedro.com.ar\/sitio\/wp-json\/wp\/v2\/comments?post=108648"}],"version-history":[{"count":1,"href":"https:\/\/eldiariodesanpedro.com.ar\/sitio\/wp-json\/wp\/v2\/posts\/108648\/revisions"}],"predecessor-version":[{"id":108649,"href":"https:\/\/eldiariodesanpedro.com.ar\/sitio\/wp-json\/wp\/v2\/posts\/108648\/revisions\/108649"}],"wp:featuredmedia":[{"embeddable":true,"href":"https:\/\/eldiariodesanpedro.com.ar\/sitio\/wp-json\/wp\/v2\/media\/77860"}],"wp:attachment":[{"href":"https:\/\/eldiariodesanpedro.com.ar\/sitio\/wp-json\/wp\/v2\/media?parent=108648"}],"wp:term":[{"taxonomy":"category","embeddable":true,"href":"https:\/\/eldiariodesanpedro.com.ar\/sitio\/wp-json\/wp\/v2\/categories?post=108648"},{"taxonomy":"post_tag","embeddable":true,"href":"https:\/\/eldiariodesanpedro.com.ar\/sitio\/wp-json\/wp\/v2\/tags?post=108648"}],"curies":[{"name":"wp","href":"https:\/\/api.w.org\/{rel}","templated":true}]}}