{"id":108642,"date":"2022-07-04T18:34:24","date_gmt":"2022-07-04T21:34:24","guid":{"rendered":"https:\/\/eldiariodesanpedro.com.ar\/sitio\/?p=108642"},"modified":"2022-07-04T18:34:25","modified_gmt":"2022-07-04T21:34:25","slug":"dos-jovenes-motociclista-fueron-colisionados-por-un-automovil-que-se-dio-a-la-fuga","status":"publish","type":"post","link":"https:\/\/eldiariodesanpedro.com.ar\/sitio\/dos-jovenes-motociclista-fueron-colisionados-por-un-automovil-que-se-dio-a-la-fuga\/","title":{"rendered":"Dos j\u00f3venes motociclista fueron colisionados por un autom\u00f3vil que se dio a la fuga"},"content":{"rendered":"<!-- VideographyWP Plugin Message: Automatic video embedding prevented by plugin options. -->\n\n<p>En el d\u00eda de ayer domingo alrededor de las 18 horas el personal policial alertado por un llamado al 911 acude a calle 25 de Mayo y Fray Cayetano Rodr\u00edguez, donde por razones tr\u00e1tase de establecer una motocicleta marca Guerrero Trip, conducida por un joven de 19 a\u00f1os de edad, acompa\u00f1ado por una femenina de 17 a\u00f1os, colision\u00f3 contra autom\u00f3vil que se dio a la fuga, desconoci\u00e9ndose dato alguno.<\/p>\n\n\n\n<p>Consecuencia del impacto femenina es trasladada Hospital San Pedro, m\u00e9dico constata lesiones car\u00e1cter leve.<\/p>\n\n\n\n<p>Interviene U.F.I. N\u00b0 11 Local.-<\/p>\n","protected":false},"excerpt":{"rendered":"<p>En el d\u00eda de ayer domingo alrededor de las 18 horas el personal policial alertado por un llamado al 911 acude a calle 25 de Mayo y Fray Cayetano Rodr\u00edguez, donde por razones tr\u00e1tase de establecer una motocicleta marca Guerrero Trip, conducida por un joven de 19 a\u00f1os de edad, acompa\u00f1ado por una femenina de [&hellip;]<\/p>\n","protected":false},"author":4,"featured_media":81053,"comment_status":"closed","ping_status":"closed","sticky":false,"template":"","format":"standard","meta":{"om_disable_all_campaigns":false,"_jetpack_memberships_contains_paid_content":false,"footnotes":""},"categories":[2,103],"tags":[197,33,95,19],"class_list":["post-108642","post","type-post","status-publish","format-standard","has-post-thumbnail","hentry","category-locales","category-policiales-locales","tag-buenos-aires","tag-locales","tag-policiales","tag-san-pedro"],"aioseo_notices":[],"gutentor_comment":0,"jetpack_featured_media_url":"https:\/\/eldiariodesanpedro.com.ar\/sitio\/wp-content\/uploads\/2020\/09\/guardia-940x528-1.jpg","jetpack_shortlink":"https:\/\/wp.me\/p6RhLt-sgi","jetpack_sharing_enabled":true,"_links":{"self":[{"href":"https:\/\/eldiariodesanpedro.com.ar\/sitio\/wp-json\/wp\/v2\/posts\/108642","targetHints":{"allow":["GET"]}}],"collection":[{"href":"https:\/\/eldiariodesanpedro.com.ar\/sitio\/wp-json\/wp\/v2\/posts"}],"about":[{"href":"https:\/\/eldiariodesanpedro.com.ar\/sitio\/wp-json\/wp\/v2\/types\/post"}],"author":[{"embeddable":true,"href":"https:\/\/eldiariodesanpedro.com.ar\/sitio\/wp-json\/wp\/v2\/users\/4"}],"replies":[{"embeddable":true,"href":"https:\/\/eldiariodesanpedro.com.ar\/sitio\/wp-json\/wp\/v2\/comments?post=108642"}],"version-history":[{"count":1,"href":"https:\/\/eldiariodesanpedro.com.ar\/sitio\/wp-json\/wp\/v2\/posts\/108642\/revisions"}],"predecessor-version":[{"id":108643,"href":"https:\/\/eldiariodesanpedro.com.ar\/sitio\/wp-json\/wp\/v2\/posts\/108642\/revisions\/108643"}],"wp:featuredmedia":[{"embeddable":true,"href":"https:\/\/eldiariodesanpedro.com.ar\/sitio\/wp-json\/wp\/v2\/media\/81053"}],"wp:attachment":[{"href":"https:\/\/eldiariodesanpedro.com.ar\/sitio\/wp-json\/wp\/v2\/media?parent=108642"}],"wp:term":[{"taxonomy":"category","embeddable":true,"href":"https:\/\/eldiariodesanpedro.com.ar\/sitio\/wp-json\/wp\/v2\/categories?post=108642"},{"taxonomy":"post_tag","embeddable":true,"href":"https:\/\/eldiariodesanpedro.com.ar\/sitio\/wp-json\/wp\/v2\/tags?post=108642"}],"curies":[{"name":"wp","href":"https:\/\/api.w.org\/{rel}","templated":true}]}}