{"id":108640,"date":"2022-07-04T18:25:48","date_gmt":"2022-07-04T21:25:48","guid":{"rendered":"https:\/\/eldiariodesanpedro.com.ar\/sitio\/?p=108640"},"modified":"2022-07-04T18:25:49","modified_gmt":"2022-07-04T21:25:49","slug":"un-joven-denuncio-que-un-vecino-lo-corrio-con-una-cuchilla","status":"publish","type":"post","link":"https:\/\/eldiariodesanpedro.com.ar\/sitio\/un-joven-denuncio-que-un-vecino-lo-corrio-con-una-cuchilla\/","title":{"rendered":"Un joven denunci\u00f3 que un vecino lo corri\u00f3 con una cuchilla"},"content":{"rendered":"<!-- VideographyWP Plugin Message: Automatic video embedding prevented by plugin options. -->\n\n<p>En el d\u00eda de ayer domingo en horas de la tarde noche, denunci\u00f3 un ciudadano de 18 a\u00f1os, que promediando las 17:30 horas se encontraba paseando sus perros por el callej\u00f3n de Arcor, siendo sorprendido por su vecino, quien lo persigue con una cuchilla, no refiri\u00e9ndose nada en particular.<\/p>\n\n\n\n<p>Manifiesta que no es la primera vez que lo hace, desconociendo tambi\u00e9n el motivo.<\/p>\n\n\n\n<p>Interviene U.F.I. N\u00b0 11 San Pedro.-<\/p>\n","protected":false},"excerpt":{"rendered":"<p>En el d\u00eda de ayer domingo en horas de la tarde noche, denunci\u00f3 un ciudadano de 18 a\u00f1os, que promediando las 17:30 horas se encontraba paseando sus perros por el callej\u00f3n de Arcor, siendo sorprendido por su vecino, quien lo persigue con una cuchilla, no refiri\u00e9ndose nada en particular. Manifiesta que no es la primera [&hellip;]<\/p>\n","protected":false},"author":4,"featured_media":57215,"comment_status":"closed","ping_status":"closed","sticky":false,"template":"","format":"standard","meta":{"om_disable_all_campaigns":false,"_jetpack_memberships_contains_paid_content":false,"footnotes":""},"categories":[2,103],"tags":[197,33,95],"class_list":["post-108640","post","type-post","status-publish","format-standard","has-post-thumbnail","hentry","category-locales","category-policiales-locales","tag-buenos-aires","tag-locales","tag-policiales"],"aioseo_notices":[],"gutentor_comment":0,"jetpack_featured_media_url":"https:\/\/eldiariodesanpedro.com.ar\/sitio\/wp-content\/uploads\/2019\/07\/comisaria_1.jpg","jetpack_shortlink":"https:\/\/wp.me\/p6RhLt-sgg","jetpack_sharing_enabled":true,"_links":{"self":[{"href":"https:\/\/eldiariodesanpedro.com.ar\/sitio\/wp-json\/wp\/v2\/posts\/108640","targetHints":{"allow":["GET"]}}],"collection":[{"href":"https:\/\/eldiariodesanpedro.com.ar\/sitio\/wp-json\/wp\/v2\/posts"}],"about":[{"href":"https:\/\/eldiariodesanpedro.com.ar\/sitio\/wp-json\/wp\/v2\/types\/post"}],"author":[{"embeddable":true,"href":"https:\/\/eldiariodesanpedro.com.ar\/sitio\/wp-json\/wp\/v2\/users\/4"}],"replies":[{"embeddable":true,"href":"https:\/\/eldiariodesanpedro.com.ar\/sitio\/wp-json\/wp\/v2\/comments?post=108640"}],"version-history":[{"count":1,"href":"https:\/\/eldiariodesanpedro.com.ar\/sitio\/wp-json\/wp\/v2\/posts\/108640\/revisions"}],"predecessor-version":[{"id":108641,"href":"https:\/\/eldiariodesanpedro.com.ar\/sitio\/wp-json\/wp\/v2\/posts\/108640\/revisions\/108641"}],"wp:featuredmedia":[{"embeddable":true,"href":"https:\/\/eldiariodesanpedro.com.ar\/sitio\/wp-json\/wp\/v2\/media\/57215"}],"wp:attachment":[{"href":"https:\/\/eldiariodesanpedro.com.ar\/sitio\/wp-json\/wp\/v2\/media?parent=108640"}],"wp:term":[{"taxonomy":"category","embeddable":true,"href":"https:\/\/eldiariodesanpedro.com.ar\/sitio\/wp-json\/wp\/v2\/categories?post=108640"},{"taxonomy":"post_tag","embeddable":true,"href":"https:\/\/eldiariodesanpedro.com.ar\/sitio\/wp-json\/wp\/v2\/tags?post=108640"}],"curies":[{"name":"wp","href":"https:\/\/api.w.org\/{rel}","templated":true}]}}