{"id":108638,"date":"2022-07-04T16:42:17","date_gmt":"2022-07-04T19:42:17","guid":{"rendered":"https:\/\/eldiariodesanpedro.com.ar\/sitio\/?p=108638"},"modified":"2022-07-04T16:42:18","modified_gmt":"2022-07-04T19:42:18","slug":"le-robaron-el-celular-y-luego-transfirieron-mas-de-90-mil-pesos-que-tenia-en-su-cuenta-de-mercado-pago","status":"publish","type":"post","link":"https:\/\/eldiariodesanpedro.com.ar\/sitio\/le-robaron-el-celular-y-luego-transfirieron-mas-de-90-mil-pesos-que-tenia-en-su-cuenta-de-mercado-pago\/","title":{"rendered":"Le robaron el celular y luego transfirieron m\u00e1s de 90 mil pesos que ten\u00eda en su cuenta de mercado pago"},"content":{"rendered":"<!-- VideographyWP Plugin Message: Automatic video embedding prevented by plugin options. -->\n\n<p>Este domingo en horas de la tarde se realiz\u00f3 una denuncia en la comisar\u00eda local por parte de un joven que le robaron su celular y adem\u00e1s realizaron transferencias desde su cuenta de mercado pago.<\/p>\n\n\n\n<p>El hecho ocurri\u00f3 el pasado s\u00e1bado en el comercio de repuestos de motocicletas \u201cLuciano Motos\u201d ubicado en calle Av. 3 de Febrero al 1200 donde pasadas las 13 horas un sujeto ingres\u00f3 al local comercial y robo un tel\u00e9fono Samsung S20 Fe, y luego pudo determinar que el mismo ladr\u00f3n realiz\u00f3 transferencias desde la cuenta de mercadopago a su cuenta por m\u00e1s de 90 mil pesos.<\/p>\n\n\n\n<p>Seg\u00fan el denunciante pudo obtener el nombre de la cuenta a la que se le envi\u00f3 y el DNI para que la polic\u00eda haga la investigaci\u00f3n correspondiente.<\/p>\n","protected":false},"excerpt":{"rendered":"<p>Este domingo en horas de la tarde se realiz\u00f3 una denuncia en la comisar\u00eda local por parte de un joven que le robaron su celular y adem\u00e1s realizaron transferencias desde su cuenta de mercado pago. El hecho ocurri\u00f3 el pasado s\u00e1bado en el comercio de repuestos de motocicletas \u201cLuciano Motos\u201d ubicado en calle Av. 3 [&hellip;]<\/p>\n","protected":false},"author":4,"featured_media":103679,"comment_status":"closed","ping_status":"closed","sticky":false,"template":"","format":"standard","meta":{"om_disable_all_campaigns":false,"_jetpack_memberships_contains_paid_content":false,"footnotes":""},"categories":[50,2,103],"tags":[197,33,95,19],"class_list":["post-108638","post","type-post","status-publish","format-standard","has-post-thumbnail","hentry","category-destacadas","category-locales","category-policiales-locales","tag-buenos-aires","tag-locales","tag-policiales","tag-san-pedro"],"aioseo_notices":[],"gutentor_comment":0,"jetpack_featured_media_url":"https:\/\/eldiariodesanpedro.com.ar\/sitio\/wp-content\/uploads\/2022\/02\/comisaria_san_pedro.jpg","jetpack_shortlink":"https:\/\/wp.me\/p6RhLt-sge","jetpack_sharing_enabled":true,"_links":{"self":[{"href":"https:\/\/eldiariodesanpedro.com.ar\/sitio\/wp-json\/wp\/v2\/posts\/108638","targetHints":{"allow":["GET"]}}],"collection":[{"href":"https:\/\/eldiariodesanpedro.com.ar\/sitio\/wp-json\/wp\/v2\/posts"}],"about":[{"href":"https:\/\/eldiariodesanpedro.com.ar\/sitio\/wp-json\/wp\/v2\/types\/post"}],"author":[{"embeddable":true,"href":"https:\/\/eldiariodesanpedro.com.ar\/sitio\/wp-json\/wp\/v2\/users\/4"}],"replies":[{"embeddable":true,"href":"https:\/\/eldiariodesanpedro.com.ar\/sitio\/wp-json\/wp\/v2\/comments?post=108638"}],"version-history":[{"count":1,"href":"https:\/\/eldiariodesanpedro.com.ar\/sitio\/wp-json\/wp\/v2\/posts\/108638\/revisions"}],"predecessor-version":[{"id":108639,"href":"https:\/\/eldiariodesanpedro.com.ar\/sitio\/wp-json\/wp\/v2\/posts\/108638\/revisions\/108639"}],"wp:featuredmedia":[{"embeddable":true,"href":"https:\/\/eldiariodesanpedro.com.ar\/sitio\/wp-json\/wp\/v2\/media\/103679"}],"wp:attachment":[{"href":"https:\/\/eldiariodesanpedro.com.ar\/sitio\/wp-json\/wp\/v2\/media?parent=108638"}],"wp:term":[{"taxonomy":"category","embeddable":true,"href":"https:\/\/eldiariodesanpedro.com.ar\/sitio\/wp-json\/wp\/v2\/categories?post=108638"},{"taxonomy":"post_tag","embeddable":true,"href":"https:\/\/eldiariodesanpedro.com.ar\/sitio\/wp-json\/wp\/v2\/tags?post=108638"}],"curies":[{"name":"wp","href":"https:\/\/api.w.org\/{rel}","templated":true}]}}