{"id":108634,"date":"2022-07-04T15:38:42","date_gmt":"2022-07-04T18:38:42","guid":{"rendered":"https:\/\/eldiariodesanpedro.com.ar\/sitio\/?p=108634"},"modified":"2022-07-04T15:38:42","modified_gmt":"2022-07-04T18:38:42","slug":"joven-aprehendido-por-varios-hechos-delictivos","status":"publish","type":"post","link":"https:\/\/eldiariodesanpedro.com.ar\/sitio\/joven-aprehendido-por-varios-hechos-delictivos\/","title":{"rendered":"Joven aprehendido por varios hechos delictivos"},"content":{"rendered":"<!-- VideographyWP Plugin Message: Automatic video embedding prevented by plugin options. -->\n\n<p>Este domingo en las primeras horas del d\u00eda, alrededor de las 06:30 horas, el personal del GTO, tras r\u00e1pido accionar en calle Pellegrini al 400, aprehende a ciudadano de 24 a\u00f1os secuestr\u00e1ndosele una motocicleta de la marca Motomel, modelo Blitz 110, de color bord\u00f3, al momento de estar sustray\u00e9ndola en lugar sindicado propiedad de una mujer de 25 a\u00f1os.<\/p>\n\n\n\n<p>Tambi\u00e9n logr\u00e1ndose establecer tras receptar testimonios varios que resulta autor de otro hecho ocurrido el pasado 30 de junio de 2022 donde la v\u00edctima fue otro ciudadano.<\/p>\n\n\n\n<p>Interiorizado Magistrado notificaci\u00f3n art. 60, alojado en el sector de calabozos.<\/p>\n\n\n\n<p>Interviene U.F.I. N\u00b0 11 Local.-<\/p>\n\n\n\n<figure class=\"wp-block-image size-full\"><img decoding=\"async\" width=\"646\" height=\"630\" data-attachment-id=\"108636\" data-permalink=\"https:\/\/eldiariodesanpedro.com.ar\/sitio\/joven-aprehendido-por-varios-hechos-delictivos\/whatsapp-image-2022-07-03-at-10-44-38-am\/\" data-orig-file=\"https:\/\/eldiariodesanpedro.com.ar\/sitio\/wp-content\/uploads\/2022\/07\/WhatsApp-Image-2022-07-03-at-10.44.38-AM.jpeg\" data-orig-size=\"646,630\" data-comments-opened=\"0\" data-image-meta=\"{&quot;aperture&quot;:&quot;0&quot;,&quot;credit&quot;:&quot;&quot;,&quot;camera&quot;:&quot;&quot;,&quot;caption&quot;:&quot;&quot;,&quot;created_timestamp&quot;:&quot;0&quot;,&quot;copyright&quot;:&quot;&quot;,&quot;focal_length&quot;:&quot;0&quot;,&quot;iso&quot;:&quot;0&quot;,&quot;shutter_speed&quot;:&quot;0&quot;,&quot;title&quot;:&quot;&quot;,&quot;orientation&quot;:&quot;0&quot;}\" data-image-title=\"WhatsApp Image 2022-07-03 at 10.44.38 AM\" data-image-description=\"\" data-image-caption=\"\" data-large-file=\"https:\/\/eldiariodesanpedro.com.ar\/sitio\/wp-content\/uploads\/2022\/07\/WhatsApp-Image-2022-07-03-at-10.44.38-AM.jpeg\" data-src=\"https:\/\/eldiariodesanpedro.com.ar\/sitio\/wp-content\/uploads\/2022\/07\/WhatsApp-Image-2022-07-03-at-10.44.38-AM.jpeg\" alt=\"\" class=\"wp-image-108636 lazyload\" data-srcset=\"https:\/\/eldiariodesanpedro.com.ar\/sitio\/wp-content\/uploads\/2022\/07\/WhatsApp-Image-2022-07-03-at-10.44.38-AM.jpeg 646w, https:\/\/eldiariodesanpedro.com.ar\/sitio\/wp-content\/uploads\/2022\/07\/WhatsApp-Image-2022-07-03-at-10.44.38-AM-300x293.jpeg 300w\" data-sizes=\"(max-width: 646px) 100vw, 646px\" src=\"data:image\/svg+xml;base64,PHN2ZyB3aWR0aD0iMSIgaGVpZ2h0PSIxIiB4bWxucz0iaHR0cDovL3d3dy53My5vcmcvMjAwMC9zdmciPjwvc3ZnPg==\" style=\"--smush-placeholder-width: 646px; --smush-placeholder-aspect-ratio: 646\/630;\" \/><\/figure>\n","protected":false},"excerpt":{"rendered":"<p>Este domingo en las primeras horas del d\u00eda, alrededor de las 06:30 horas, el personal del GTO, tras r\u00e1pido accionar en calle Pellegrini al 400, aprehende a ciudadano de 24 a\u00f1os secuestr\u00e1ndosele una motocicleta de la marca Motomel, modelo Blitz 110, de color bord\u00f3, al momento de estar sustray\u00e9ndola en lugar sindicado propiedad de una [&hellip;]<\/p>\n","protected":false},"author":4,"featured_media":108635,"comment_status":"closed","ping_status":"closed","sticky":false,"template":"","format":"standard","meta":{"om_disable_all_campaigns":false,"_jetpack_memberships_contains_paid_content":false,"footnotes":""},"categories":[2,103],"tags":[197,33,95,19],"class_list":["post-108634","post","type-post","status-publish","format-standard","has-post-thumbnail","hentry","category-locales","category-policiales-locales","tag-buenos-aires","tag-locales","tag-policiales","tag-san-pedro"],"aioseo_notices":[],"gutentor_comment":0,"jetpack_featured_media_url":"https:\/\/eldiariodesanpedro.com.ar\/sitio\/wp-content\/uploads\/2022\/07\/WhatsApp-Image-2022-07-03-at-10.44.37-AM.jpeg","jetpack_shortlink":"https:\/\/wp.me\/p6RhLt-sga","jetpack_sharing_enabled":true,"_links":{"self":[{"href":"https:\/\/eldiariodesanpedro.com.ar\/sitio\/wp-json\/wp\/v2\/posts\/108634","targetHints":{"allow":["GET"]}}],"collection":[{"href":"https:\/\/eldiariodesanpedro.com.ar\/sitio\/wp-json\/wp\/v2\/posts"}],"about":[{"href":"https:\/\/eldiariodesanpedro.com.ar\/sitio\/wp-json\/wp\/v2\/types\/post"}],"author":[{"embeddable":true,"href":"https:\/\/eldiariodesanpedro.com.ar\/sitio\/wp-json\/wp\/v2\/users\/4"}],"replies":[{"embeddable":true,"href":"https:\/\/eldiariodesanpedro.com.ar\/sitio\/wp-json\/wp\/v2\/comments?post=108634"}],"version-history":[{"count":1,"href":"https:\/\/eldiariodesanpedro.com.ar\/sitio\/wp-json\/wp\/v2\/posts\/108634\/revisions"}],"predecessor-version":[{"id":108637,"href":"https:\/\/eldiariodesanpedro.com.ar\/sitio\/wp-json\/wp\/v2\/posts\/108634\/revisions\/108637"}],"wp:featuredmedia":[{"embeddable":true,"href":"https:\/\/eldiariodesanpedro.com.ar\/sitio\/wp-json\/wp\/v2\/media\/108635"}],"wp:attachment":[{"href":"https:\/\/eldiariodesanpedro.com.ar\/sitio\/wp-json\/wp\/v2\/media?parent=108634"}],"wp:term":[{"taxonomy":"category","embeddable":true,"href":"https:\/\/eldiariodesanpedro.com.ar\/sitio\/wp-json\/wp\/v2\/categories?post=108634"},{"taxonomy":"post_tag","embeddable":true,"href":"https:\/\/eldiariodesanpedro.com.ar\/sitio\/wp-json\/wp\/v2\/tags?post=108634"}],"curies":[{"name":"wp","href":"https:\/\/api.w.org\/{rel}","templated":true}]}}