{"id":108631,"date":"2022-07-04T15:32:57","date_gmt":"2022-07-04T18:32:57","guid":{"rendered":"https:\/\/eldiariodesanpedro.com.ar\/sitio\/?p=108631"},"modified":"2022-07-04T15:32:58","modified_gmt":"2022-07-04T18:32:58","slug":"accidente-en-la-madrugada-de-domingo-donde-una-persona-sufrio-una-fractura-de-perone","status":"publish","type":"post","link":"https:\/\/eldiariodesanpedro.com.ar\/sitio\/accidente-en-la-madrugada-de-domingo-donde-una-persona-sufrio-una-fractura-de-perone\/","title":{"rendered":"Accidente en la madrugada de domingo donde una persona sufri\u00f3 una fractura de peron\u00e9"},"content":{"rendered":"<!-- VideographyWP Plugin Message: Automatic video embedding prevented by plugin options. -->\n\n<p>Este domingo en horas de la madrugada pasadas las 03:30 horas, a ra\u00edz de llamado 911 el personal policial acude a Av 3 de Febrero y Chivilcoy, y que por razones tr\u00e1tase de establecer, colisionaron un autom\u00f3vil de la marca Ford Focus conducido por masculino 63 a\u00f1os y una motocicleta Gilera Smash 110 cc. guiado por masculino de 32 a\u00f1os.<\/p>\n\n\n\n<p>Como consecuencia el conductor del rodado menor, es trasladado en ambulancia 107 consciente al nosocomio local, presentando fractura con desplazamiento de peron\u00e9 derecho.<\/p>\n\n\n\n<p>Comisi\u00f3n Polic\u00eda Cient\u00edfica y dem\u00e1s diligencias de rigor. Interviene U.F.I. N\u00b0 11 Local.-<\/p>\n","protected":false},"excerpt":{"rendered":"<p>Este domingo en horas de la madrugada pasadas las 03:30 horas, a ra\u00edz de llamado 911 el personal policial acude a Av 3 de Febrero y Chivilcoy, y que por razones tr\u00e1tase de establecer, colisionaron un autom\u00f3vil de la marca Ford Focus conducido por masculino 63 a\u00f1os y una motocicleta Gilera Smash 110 cc. guiado [&hellip;]<\/p>\n","protected":false},"author":4,"featured_media":108632,"comment_status":"closed","ping_status":"closed","sticky":false,"template":"","format":"standard","meta":{"om_disable_all_campaigns":false,"_jetpack_memberships_contains_paid_content":false,"footnotes":""},"categories":[2,103],"tags":[197,33,95,19],"class_list":["post-108631","post","type-post","status-publish","format-standard","has-post-thumbnail","hentry","category-locales","category-policiales-locales","tag-buenos-aires","tag-locales","tag-policiales","tag-san-pedro"],"aioseo_notices":[],"gutentor_comment":0,"jetpack_featured_media_url":"https:\/\/eldiariodesanpedro.com.ar\/sitio\/wp-content\/uploads\/2022\/07\/WhatsApp-Image-2022-07-03-at-10.43.54-AM.jpeg","jetpack_shortlink":"https:\/\/wp.me\/p6RhLt-sg7","jetpack_sharing_enabled":true,"_links":{"self":[{"href":"https:\/\/eldiariodesanpedro.com.ar\/sitio\/wp-json\/wp\/v2\/posts\/108631","targetHints":{"allow":["GET"]}}],"collection":[{"href":"https:\/\/eldiariodesanpedro.com.ar\/sitio\/wp-json\/wp\/v2\/posts"}],"about":[{"href":"https:\/\/eldiariodesanpedro.com.ar\/sitio\/wp-json\/wp\/v2\/types\/post"}],"author":[{"embeddable":true,"href":"https:\/\/eldiariodesanpedro.com.ar\/sitio\/wp-json\/wp\/v2\/users\/4"}],"replies":[{"embeddable":true,"href":"https:\/\/eldiariodesanpedro.com.ar\/sitio\/wp-json\/wp\/v2\/comments?post=108631"}],"version-history":[{"count":1,"href":"https:\/\/eldiariodesanpedro.com.ar\/sitio\/wp-json\/wp\/v2\/posts\/108631\/revisions"}],"predecessor-version":[{"id":108633,"href":"https:\/\/eldiariodesanpedro.com.ar\/sitio\/wp-json\/wp\/v2\/posts\/108631\/revisions\/108633"}],"wp:featuredmedia":[{"embeddable":true,"href":"https:\/\/eldiariodesanpedro.com.ar\/sitio\/wp-json\/wp\/v2\/media\/108632"}],"wp:attachment":[{"href":"https:\/\/eldiariodesanpedro.com.ar\/sitio\/wp-json\/wp\/v2\/media?parent=108631"}],"wp:term":[{"taxonomy":"category","embeddable":true,"href":"https:\/\/eldiariodesanpedro.com.ar\/sitio\/wp-json\/wp\/v2\/categories?post=108631"},{"taxonomy":"post_tag","embeddable":true,"href":"https:\/\/eldiariodesanpedro.com.ar\/sitio\/wp-json\/wp\/v2\/tags?post=108631"}],"curies":[{"name":"wp","href":"https:\/\/api.w.org\/{rel}","templated":true}]}}