{"id":108628,"date":"2022-07-04T15:21:10","date_gmt":"2022-07-04T18:21:10","guid":{"rendered":"https:\/\/eldiariodesanpedro.com.ar\/sitio\/?p=108628"},"modified":"2022-07-04T15:21:11","modified_gmt":"2022-07-04T18:21:11","slug":"joven-aprehendido-y-secuestro-de-su-motocicleta-por-numeracion-apocrifa","status":"publish","type":"post","link":"https:\/\/eldiariodesanpedro.com.ar\/sitio\/joven-aprehendido-y-secuestro-de-su-motocicleta-por-numeracion-apocrifa\/","title":{"rendered":"Joven aprehendido y secuestro de su motocicleta por numeraci\u00f3n ap\u00f3crifa"},"content":{"rendered":"<!-- VideographyWP Plugin Message: Automatic video embedding prevented by plugin options. -->\n\n<p>Este s\u00e1bado cercanas las 22:30 horas, el personal policial de nuestra ciudad se hace presente en Avenida Espa\u00f1a s\/n, procede al traslado de un ciudadano de 23 a\u00f1os y al secuestro de motocicleta Garelli Sahel 150 cc., sin dominio colocado, la cual pose\u00eda incompatibilidad de n\u00famero de motor grabado con lo figurativo de c\u00e9dula de identificaci\u00f3n.<\/p>\n\n\n\n<p>Adem\u00e1s faltante de documentaci\u00f3n y test de alcoholemia positivo.<\/p>\n\n\n\n<p>Interviene Juzgado de Faltas San Pedro.-<\/p>\n","protected":false},"excerpt":{"rendered":"<p>Este s\u00e1bado cercanas las 22:30 horas, el personal policial de nuestra ciudad se hace presente en Avenida Espa\u00f1a s\/n, procede al traslado de un ciudadano de 23 a\u00f1os y al secuestro de motocicleta Garelli Sahel 150 cc., sin dominio colocado, la cual pose\u00eda incompatibilidad de n\u00famero de motor grabado con lo figurativo de c\u00e9dula de [&hellip;]<\/p>\n","protected":false},"author":4,"featured_media":108629,"comment_status":"closed","ping_status":"closed","sticky":false,"template":"","format":"standard","meta":{"om_disable_all_campaigns":false,"_jetpack_memberships_contains_paid_content":false,"footnotes":""},"categories":[2,103],"tags":[197,33,95,19],"class_list":["post-108628","post","type-post","status-publish","format-standard","has-post-thumbnail","hentry","category-locales","category-policiales-locales","tag-buenos-aires","tag-locales","tag-policiales","tag-san-pedro"],"aioseo_notices":[],"gutentor_comment":0,"jetpack_featured_media_url":"https:\/\/eldiariodesanpedro.com.ar\/sitio\/wp-content\/uploads\/2022\/07\/WhatsApp-Image-2022-07-03-at-10.42.33-AM.jpeg","jetpack_shortlink":"https:\/\/wp.me\/p6RhLt-sg4","jetpack_sharing_enabled":true,"_links":{"self":[{"href":"https:\/\/eldiariodesanpedro.com.ar\/sitio\/wp-json\/wp\/v2\/posts\/108628","targetHints":{"allow":["GET"]}}],"collection":[{"href":"https:\/\/eldiariodesanpedro.com.ar\/sitio\/wp-json\/wp\/v2\/posts"}],"about":[{"href":"https:\/\/eldiariodesanpedro.com.ar\/sitio\/wp-json\/wp\/v2\/types\/post"}],"author":[{"embeddable":true,"href":"https:\/\/eldiariodesanpedro.com.ar\/sitio\/wp-json\/wp\/v2\/users\/4"}],"replies":[{"embeddable":true,"href":"https:\/\/eldiariodesanpedro.com.ar\/sitio\/wp-json\/wp\/v2\/comments?post=108628"}],"version-history":[{"count":1,"href":"https:\/\/eldiariodesanpedro.com.ar\/sitio\/wp-json\/wp\/v2\/posts\/108628\/revisions"}],"predecessor-version":[{"id":108630,"href":"https:\/\/eldiariodesanpedro.com.ar\/sitio\/wp-json\/wp\/v2\/posts\/108628\/revisions\/108630"}],"wp:featuredmedia":[{"embeddable":true,"href":"https:\/\/eldiariodesanpedro.com.ar\/sitio\/wp-json\/wp\/v2\/media\/108629"}],"wp:attachment":[{"href":"https:\/\/eldiariodesanpedro.com.ar\/sitio\/wp-json\/wp\/v2\/media?parent=108628"}],"wp:term":[{"taxonomy":"category","embeddable":true,"href":"https:\/\/eldiariodesanpedro.com.ar\/sitio\/wp-json\/wp\/v2\/categories?post=108628"},{"taxonomy":"post_tag","embeddable":true,"href":"https:\/\/eldiariodesanpedro.com.ar\/sitio\/wp-json\/wp\/v2\/tags?post=108628"}],"curies":[{"name":"wp","href":"https:\/\/api.w.org\/{rel}","templated":true}]}}